{"id":4928,"date":"2014-11-20T10:11:24","date_gmt":"2014-11-20T09:11:24","guid":{"rendered":"http:\/\/tus-bruchhausen.de\/Fussball\/?p=4928"},"modified":"2014-11-20T10:49:35","modified_gmt":"2014-11-20T09:49:35","slug":"tus-bruchhausen-geht-in-koerbecke-an-den-start","status":"publish","type":"post","link":"https:\/\/www.tus-bruchhausen.de\/Fussball\/tus-bruchhausen-geht-in-koerbecke-an-den-start\/","title":{"rendered":"TuS Bruchhausen geht in K\u00f6rbecke an den Start"},"content":{"rendered":"<p>Am Mittwoch, den 19. November, wurden im Kundencenter der RWE in Arnsberg die Vorrundengruppen des 26. RWE WinterCup 2015 ausgelost. Der TuS Bruchhausen geht am Samstag, 03. Januar in der Vorrundengruppe 8 in K\u00f6rbecke an den Start. Bei der Auslosung hat die Mannschaft von Trainer Freddy Quebbemann eine vermeindlich einfache Gruppe erwischt.<\/p>\n<p>Bei der Auslosung wurde der TuS Bruchhausen und der Bezirkstligst Westfalia Soest in der Gruppe 8 gesetzt und ging somit in der Auslosung dem Oberligisten SV Lippstadt 08 vorerst aus dem Weg. In der Vorrundengruppe des TuS 02 warten hingegen die Tabellendritte der A-Kreisliga Lippstadt und der Tabellenletzte der Kreisliga A Soest SpVg M\u00f6hnesee. Hinzu kommen zwei B- und drei C-Ligisten.<\/p>\n<p>Der RWE WinterCup orientiert sich im Jahr 2015 wieder am Spielmodus aus dem Vorjahr. In insgesamt zehn Vorrundenhallen wird gespielt. Die 180 Vereine aus 16 Fu\u00dfballkreisen sind aufgeteilt in zwanzig Vorrundengruppen, die im Modus \u201cJeder-gegen-Jeden\u201d ausgetragen werden. Achtzig Mannschaften (jeweils die Pl\u00e4tze eins bis vier) qualifizieren sich dann f\u00fcr einen der f\u00fcnf RegionalCup\u2019s. Mit RW Ahlen und dem SV Lippstadt 08 sind im Jahr 2015 auch zwei Oberligisten mit dabei.<\/p>\n<p>Die RegionalCup\u2019s finden wieder in f\u00fcnf Hallen statt, werden allerdings erstmals komplett am Sonntag, den 18. Januar, durchgef\u00fchrt. Der Austragungsort f\u00fcr den TuS Bruchhausen w\u00e4re beim Regionalcup Soester B\u00f6rde in Wickede. Pro Halle treten 16 Teams zun\u00e4chst in Vierergruppen an. Nach der Gruppenphase ermitteln die vier Gruppensieger und vier Gruppenzweiten im Doppel-K.O.-System den Regional-Cup-Sieger. Die Pl\u00e4tze eins bis drei der f\u00fcnf RegionalCup\u2019s qualifizieren sich direkt f\u00fcr den RWE SuperCup am Sonntag, den 01. Februar, in der Sporthalle Gro\u00dfe Wiese in H\u00fcsten. Der 16. Teilnehmer f\u00fcr den RWE SuperCup wird am Samstag, den 31. Januar, beim VorwegCup ermittelt, wo die sieben besten A-, f\u00fcnf besten B-, drei besten C- und der beste D-Ligist, die noch nicht automatisch f\u00fcr den RWE SuperCup qualifiziert sind, ein Turnier f\u00fcr Kreisligisten ausspielen.<\/p>\n<p><strong>Die Gruppe 8:<\/strong><br \/>\nSV Westfalia Soest &#8211; Bez.<br \/>\nTuS Bruchhausen &#8211; A<br \/>\nSuS Cappel &#8211; A<br \/>\nSpVg M\u00f6hnesee &#8211; A<br \/>\nFatih Spor Paderborn &#8211; C<br \/>\nSpVgg Dolberg &#8211; C<br \/>\nT\u00fcrkiyemspor Neheim-H\u00fcsten &#8211; B<br \/>\nTuS Jahn Soest &#8211; C<br \/>\nSC Tornado Westig 08 &#8211; B<\/p>\n<p><a href=\"http:\/\/www.rwe-wintercup.de\/2015\/vorrunde-8.pdf\">-&gt; Spielplan Vorrundenguppe 8<\/a><br \/>\n<a href=\"http:\/\/www.rwe-wintercup.de\/2015\/gruppen15.pdf\">-&gt; Gruppeneinteilung RWE WinterCup 2015<\/a><br \/>\n<a href=\"http:\/\/rwe-wintercup.de\/2015\/Preisgelder.htm\">-&gt; Preisgelder<\/a><\/p>\n","protected":false},"excerpt":{"rendered":"<p>Am Mittwoch, den 19. November, wurden im Kundencenter der RWE in Arnsberg die Vorrundengruppen des 26. RWE WinterCup 2015 ausgelost. Der TuS Bruchhausen geht am Samstag, 03. Januar in der Vorrundengruppe 8 in K\u00f6rbecke an den Start. Bei der Auslosung hat die Mannschaft von Trainer Freddy Quebbemann eine vermeindlich einfache Gruppe erwischt. Bei der Auslosung [&hellip;]<\/p>\n","protected":false},"author":6,"featured_media":4931,"comment_status":"closed","ping_status":"closed","sticky":false,"template":"","format":"standard","meta":{"footnotes":""},"categories":[3,8,18],"tags":[],"class_list":["post-4928","post","type-post","status-publish","format-standard","has-post-thumbnail","hentry","category-1-mannschaft","category-news","category-spielankuendigung","small-justify-block","has-thumb"],"yoast_head":"<!-- This site is optimized with the Yoast SEO plugin v27.2 - https:\/\/yoast.com\/product\/yoast-seo-wordpress\/ -->\n<title>TuS Bruchhausen geht in K\u00f6rbecke an den Start<\/title>\n<meta name=\"robots\" content=\"index, follow, max-snippet:-1, max-image-preview:large, max-video-preview:-1\" \/>\n<link rel=\"canonical\" href=\"https:\/\/www.tus-bruchhausen.de\/Fussball\/tus-bruchhausen-geht-in-koerbecke-an-den-start\/\" \/>\n<meta property=\"og:locale\" content=\"de_DE\" \/>\n<meta property=\"og:type\" content=\"article\" \/>\n<meta property=\"og:title\" content=\"TuS Bruchhausen geht in K\u00f6rbecke an den Start\" \/>\n<meta property=\"og:description\" content=\"Am Mittwoch, den 19. November, wurden im Kundencenter der RWE in Arnsberg die Vorrundengruppen des 26. RWE WinterCup 2015 ausgelost. Der TuS Bruchhausen geht am Samstag, 03. Januar in der Vorrundengruppe 8 in K\u00f6rbecke an den Start. Bei der Auslosung hat die Mannschaft von Trainer Freddy Quebbemann eine vermeindlich einfache Gruppe erwischt. Bei der Auslosung [&hellip;]\" \/>\n<meta property=\"og:url\" content=\"https:\/\/www.tus-bruchhausen.de\/Fussball\/tus-bruchhausen-geht-in-koerbecke-an-den-start\/\" \/>\n<meta property=\"og:site_name\" content=\"TuS Bruchhausen\" \/>\n<meta property=\"article:publisher\" content=\"https:\/\/www.facebook.com\/TuS02\/\" \/>\n<meta property=\"article:published_time\" content=\"2014-11-20T09:11:24+00:00\" \/>\n<meta property=\"article:modified_time\" content=\"2014-11-20T09:49:35+00:00\" \/>\n<meta property=\"og:image\" content=\"https:\/\/www.tus-bruchhausen.de\/Fussball\/wp-content\/uploads\/2014\/11\/737626_484336478274045_1167644105_o-e1416474740127.jpg\" \/>\n\t<meta property=\"og:image:width\" content=\"1436\" \/>\n\t<meta property=\"og:image:height\" content=\"791\" \/>\n\t<meta property=\"og:image:type\" content=\"image\/jpeg\" \/>\n<meta name=\"author\" content=\"Dominic Gabriel\" \/>\n<meta name=\"twitter:card\" content=\"summary_large_image\" \/>\n<meta name=\"twitter:label1\" content=\"Verfasst von\" \/>\n\t<meta name=\"twitter:data1\" content=\"Dominic Gabriel\" \/>\n\t<meta name=\"twitter:label2\" content=\"Gesch\u00e4tzte Lesezeit\" \/>\n\t<meta name=\"twitter:data2\" content=\"2\u00a0Minuten\" \/>\n<script type=\"application\/ld+json\" class=\"yoast-schema-graph\">{\"@context\":\"https:\/\/schema.org\",\"@graph\":[{\"@type\":\"Article\",\"@id\":\"https:\/\/www.tus-bruchhausen.de\/Fussball\/tus-bruchhausen-geht-in-koerbecke-an-den-start\/#article\",\"isPartOf\":{\"@id\":\"https:\/\/www.tus-bruchhausen.de\/Fussball\/tus-bruchhausen-geht-in-koerbecke-an-den-start\/\"},\"author\":{\"name\":\"Dominic Gabriel\",\"@id\":\"http:\/\/www.tus-bruchhausen.de\/Fussball\/#\/schema\/person\/53a173c5abf387371fd35fcb395bc0af\"},\"headline\":\"TuS Bruchhausen geht in K\u00f6rbecke an den Start\",\"datePublished\":\"2014-11-20T09:11:24+00:00\",\"dateModified\":\"2014-11-20T09:49:35+00:00\",\"mainEntityOfPage\":{\"@id\":\"https:\/\/www.tus-bruchhausen.de\/Fussball\/tus-bruchhausen-geht-in-koerbecke-an-den-start\/\"},\"wordCount\":384,\"image\":{\"@id\":\"https:\/\/www.tus-bruchhausen.de\/Fussball\/tus-bruchhausen-geht-in-koerbecke-an-den-start\/#primaryimage\"},\"thumbnailUrl\":\"https:\/\/www.tus-bruchhausen.de\/Fussball\/wp-content\/uploads\/2014\/11\/737626_484336478274045_1167644105_o-e1416474740127.jpg\",\"articleSection\":[\"1. Mannschaft\",\"News\",\"Spielank\u00fcndigung\"],\"inLanguage\":\"de\"},{\"@type\":\"WebPage\",\"@id\":\"https:\/\/www.tus-bruchhausen.de\/Fussball\/tus-bruchhausen-geht-in-koerbecke-an-den-start\/\",\"url\":\"https:\/\/www.tus-bruchhausen.de\/Fussball\/tus-bruchhausen-geht-in-koerbecke-an-den-start\/\",\"name\":\"TuS Bruchhausen geht in K\u00f6rbecke an den Start\",\"isPartOf\":{\"@id\":\"http:\/\/www.tus-bruchhausen.de\/Fussball\/#website\"},\"primaryImageOfPage\":{\"@id\":\"https:\/\/www.tus-bruchhausen.de\/Fussball\/tus-bruchhausen-geht-in-koerbecke-an-den-start\/#primaryimage\"},\"image\":{\"@id\":\"https:\/\/www.tus-bruchhausen.de\/Fussball\/tus-bruchhausen-geht-in-koerbecke-an-den-start\/#primaryimage\"},\"thumbnailUrl\":\"https:\/\/www.tus-bruchhausen.de\/Fussball\/wp-content\/uploads\/2014\/11\/737626_484336478274045_1167644105_o-e1416474740127.jpg\",\"datePublished\":\"2014-11-20T09:11:24+00:00\",\"dateModified\":\"2014-11-20T09:49:35+00:00\",\"author\":{\"@id\":\"http:\/\/www.tus-bruchhausen.de\/Fussball\/#\/schema\/person\/53a173c5abf387371fd35fcb395bc0af\"},\"breadcrumb\":{\"@id\":\"https:\/\/www.tus-bruchhausen.de\/Fussball\/tus-bruchhausen-geht-in-koerbecke-an-den-start\/#breadcrumb\"},\"inLanguage\":\"de\",\"potentialAction\":[{\"@type\":\"ReadAction\",\"target\":[\"https:\/\/www.tus-bruchhausen.de\/Fussball\/tus-bruchhausen-geht-in-koerbecke-an-den-start\/\"]}]},{\"@type\":\"ImageObject\",\"inLanguage\":\"de\",\"@id\":\"https:\/\/www.tus-bruchhausen.de\/Fussball\/tus-bruchhausen-geht-in-koerbecke-an-den-start\/#primaryimage\",\"url\":\"https:\/\/www.tus-bruchhausen.de\/Fussball\/wp-content\/uploads\/2014\/11\/737626_484336478274045_1167644105_o-e1416474740127.jpg\",\"contentUrl\":\"https:\/\/www.tus-bruchhausen.de\/Fussball\/wp-content\/uploads\/2014\/11\/737626_484336478274045_1167644105_o-e1416474740127.jpg\",\"width\":1436,\"height\":791},{\"@type\":\"BreadcrumbList\",\"@id\":\"https:\/\/www.tus-bruchhausen.de\/Fussball\/tus-bruchhausen-geht-in-koerbecke-an-den-start\/#breadcrumb\",\"itemListElement\":[{\"@type\":\"ListItem\",\"position\":1,\"name\":\"Startseite\",\"item\":\"https:\/\/www.tus-bruchhausen.de\/Fussball\/\"},{\"@type\":\"ListItem\",\"position\":2,\"name\":\"TuS Bruchhausen geht in K\u00f6rbecke an den Start\"}]},{\"@type\":\"WebSite\",\"@id\":\"http:\/\/www.tus-bruchhausen.de\/Fussball\/#website\",\"url\":\"http:\/\/www.tus-bruchhausen.de\/Fussball\/\",\"name\":\"TuS Bruchhausen\",\"description\":\"Fu\u00dfball\",\"potentialAction\":[{\"@type\":\"SearchAction\",\"target\":{\"@type\":\"EntryPoint\",\"urlTemplate\":\"http:\/\/www.tus-bruchhausen.de\/Fussball\/?s={search_term_string}\"},\"query-input\":{\"@type\":\"PropertyValueSpecification\",\"valueRequired\":true,\"valueName\":\"search_term_string\"}}],\"inLanguage\":\"de\"},{\"@type\":\"Person\",\"@id\":\"http:\/\/www.tus-bruchhausen.de\/Fussball\/#\/schema\/person\/53a173c5abf387371fd35fcb395bc0af\",\"name\":\"Dominic Gabriel\",\"image\":{\"@type\":\"ImageObject\",\"inLanguage\":\"de\",\"@id\":\"https:\/\/secure.gravatar.com\/avatar\/750762ec91b9970d725a622f9a107d8412b787d34f1fd38dd08605665102440c?s=96&d=mm&r=g\",\"url\":\"https:\/\/secure.gravatar.com\/avatar\/750762ec91b9970d725a622f9a107d8412b787d34f1fd38dd08605665102440c?s=96&d=mm&r=g\",\"contentUrl\":\"https:\/\/secure.gravatar.com\/avatar\/750762ec91b9970d725a622f9a107d8412b787d34f1fd38dd08605665102440c?s=96&d=mm&r=g\",\"caption\":\"Dominic Gabriel\"}}]}<\/script>\n<!-- \/ Yoast SEO plugin. -->","yoast_head_json":{"title":"TuS Bruchhausen geht in K\u00f6rbecke an den Start","robots":{"index":"index","follow":"follow","max-snippet":"max-snippet:-1","max-image-preview":"max-image-preview:large","max-video-preview":"max-video-preview:-1"},"canonical":"https:\/\/www.tus-bruchhausen.de\/Fussball\/tus-bruchhausen-geht-in-koerbecke-an-den-start\/","og_locale":"de_DE","og_type":"article","og_title":"TuS Bruchhausen geht in K\u00f6rbecke an den Start","og_description":"Am Mittwoch, den 19. November, wurden im Kundencenter der RWE in Arnsberg die Vorrundengruppen des 26. RWE WinterCup 2015 ausgelost. Der TuS Bruchhausen geht am Samstag, 03. Januar in der Vorrundengruppe 8 in K\u00f6rbecke an den Start. Bei der Auslosung hat die Mannschaft von Trainer Freddy Quebbemann eine vermeindlich einfache Gruppe erwischt. Bei der Auslosung [&hellip;]","og_url":"https:\/\/www.tus-bruchhausen.de\/Fussball\/tus-bruchhausen-geht-in-koerbecke-an-den-start\/","og_site_name":"TuS Bruchhausen","article_publisher":"https:\/\/www.facebook.com\/TuS02\/","article_published_time":"2014-11-20T09:11:24+00:00","article_modified_time":"2014-11-20T09:49:35+00:00","og_image":[{"width":1436,"height":791,"url":"https:\/\/www.tus-bruchhausen.de\/Fussball\/wp-content\/uploads\/2014\/11\/737626_484336478274045_1167644105_o-e1416474740127.jpg","type":"image\/jpeg"}],"author":"Dominic Gabriel","twitter_card":"summary_large_image","twitter_misc":{"Verfasst von":"Dominic Gabriel","Gesch\u00e4tzte Lesezeit":"2\u00a0Minuten"},"schema":{"@context":"https:\/\/schema.org","@graph":[{"@type":"Article","@id":"https:\/\/www.tus-bruchhausen.de\/Fussball\/tus-bruchhausen-geht-in-koerbecke-an-den-start\/#article","isPartOf":{"@id":"https:\/\/www.tus-bruchhausen.de\/Fussball\/tus-bruchhausen-geht-in-koerbecke-an-den-start\/"},"author":{"name":"Dominic Gabriel","@id":"http:\/\/www.tus-bruchhausen.de\/Fussball\/#\/schema\/person\/53a173c5abf387371fd35fcb395bc0af"},"headline":"TuS Bruchhausen geht in K\u00f6rbecke an den Start","datePublished":"2014-11-20T09:11:24+00:00","dateModified":"2014-11-20T09:49:35+00:00","mainEntityOfPage":{"@id":"https:\/\/www.tus-bruchhausen.de\/Fussball\/tus-bruchhausen-geht-in-koerbecke-an-den-start\/"},"wordCount":384,"image":{"@id":"https:\/\/www.tus-bruchhausen.de\/Fussball\/tus-bruchhausen-geht-in-koerbecke-an-den-start\/#primaryimage"},"thumbnailUrl":"https:\/\/www.tus-bruchhausen.de\/Fussball\/wp-content\/uploads\/2014\/11\/737626_484336478274045_1167644105_o-e1416474740127.jpg","articleSection":["1. Mannschaft","News","Spielank\u00fcndigung"],"inLanguage":"de"},{"@type":"WebPage","@id":"https:\/\/www.tus-bruchhausen.de\/Fussball\/tus-bruchhausen-geht-in-koerbecke-an-den-start\/","url":"https:\/\/www.tus-bruchhausen.de\/Fussball\/tus-bruchhausen-geht-in-koerbecke-an-den-start\/","name":"TuS Bruchhausen geht in K\u00f6rbecke an den Start","isPartOf":{"@id":"http:\/\/www.tus-bruchhausen.de\/Fussball\/#website"},"primaryImageOfPage":{"@id":"https:\/\/www.tus-bruchhausen.de\/Fussball\/tus-bruchhausen-geht-in-koerbecke-an-den-start\/#primaryimage"},"image":{"@id":"https:\/\/www.tus-bruchhausen.de\/Fussball\/tus-bruchhausen-geht-in-koerbecke-an-den-start\/#primaryimage"},"thumbnailUrl":"https:\/\/www.tus-bruchhausen.de\/Fussball\/wp-content\/uploads\/2014\/11\/737626_484336478274045_1167644105_o-e1416474740127.jpg","datePublished":"2014-11-20T09:11:24+00:00","dateModified":"2014-11-20T09:49:35+00:00","author":{"@id":"http:\/\/www.tus-bruchhausen.de\/Fussball\/#\/schema\/person\/53a173c5abf387371fd35fcb395bc0af"},"breadcrumb":{"@id":"https:\/\/www.tus-bruchhausen.de\/Fussball\/tus-bruchhausen-geht-in-koerbecke-an-den-start\/#breadcrumb"},"inLanguage":"de","potentialAction":[{"@type":"ReadAction","target":["https:\/\/www.tus-bruchhausen.de\/Fussball\/tus-bruchhausen-geht-in-koerbecke-an-den-start\/"]}]},{"@type":"ImageObject","inLanguage":"de","@id":"https:\/\/www.tus-bruchhausen.de\/Fussball\/tus-bruchhausen-geht-in-koerbecke-an-den-start\/#primaryimage","url":"https:\/\/www.tus-bruchhausen.de\/Fussball\/wp-content\/uploads\/2014\/11\/737626_484336478274045_1167644105_o-e1416474740127.jpg","contentUrl":"https:\/\/www.tus-bruchhausen.de\/Fussball\/wp-content\/uploads\/2014\/11\/737626_484336478274045_1167644105_o-e1416474740127.jpg","width":1436,"height":791},{"@type":"BreadcrumbList","@id":"https:\/\/www.tus-bruchhausen.de\/Fussball\/tus-bruchhausen-geht-in-koerbecke-an-den-start\/#breadcrumb","itemListElement":[{"@type":"ListItem","position":1,"name":"Startseite","item":"https:\/\/www.tus-bruchhausen.de\/Fussball\/"},{"@type":"ListItem","position":2,"name":"TuS Bruchhausen geht in K\u00f6rbecke an den Start"}]},{"@type":"WebSite","@id":"http:\/\/www.tus-bruchhausen.de\/Fussball\/#website","url":"http:\/\/www.tus-bruchhausen.de\/Fussball\/","name":"TuS Bruchhausen","description":"Fu\u00dfball","potentialAction":[{"@type":"SearchAction","target":{"@type":"EntryPoint","urlTemplate":"http:\/\/www.tus-bruchhausen.de\/Fussball\/?s={search_term_string}"},"query-input":{"@type":"PropertyValueSpecification","valueRequired":true,"valueName":"search_term_string"}}],"inLanguage":"de"},{"@type":"Person","@id":"http:\/\/www.tus-bruchhausen.de\/Fussball\/#\/schema\/person\/53a173c5abf387371fd35fcb395bc0af","name":"Dominic Gabriel","image":{"@type":"ImageObject","inLanguage":"de","@id":"https:\/\/secure.gravatar.com\/avatar\/750762ec91b9970d725a622f9a107d8412b787d34f1fd38dd08605665102440c?s=96&d=mm&r=g","url":"https:\/\/secure.gravatar.com\/avatar\/750762ec91b9970d725a622f9a107d8412b787d34f1fd38dd08605665102440c?s=96&d=mm&r=g","contentUrl":"https:\/\/secure.gravatar.com\/avatar\/750762ec91b9970d725a622f9a107d8412b787d34f1fd38dd08605665102440c?s=96&d=mm&r=g","caption":"Dominic Gabriel"}}]}},"_links":{"self":[{"href":"https:\/\/www.tus-bruchhausen.de\/Fussball\/wp-json\/wp\/v2\/posts\/4928","targetHints":{"allow":["GET"]}}],"collection":[{"href":"https:\/\/www.tus-bruchhausen.de\/Fussball\/wp-json\/wp\/v2\/posts"}],"about":[{"href":"https:\/\/www.tus-bruchhausen.de\/Fussball\/wp-json\/wp\/v2\/types\/post"}],"author":[{"embeddable":true,"href":"https:\/\/www.tus-bruchhausen.de\/Fussball\/wp-json\/wp\/v2\/users\/6"}],"replies":[{"embeddable":true,"href":"https:\/\/www.tus-bruchhausen.de\/Fussball\/wp-json\/wp\/v2\/comments?post=4928"}],"version-history":[{"count":7,"href":"https:\/\/www.tus-bruchhausen.de\/Fussball\/wp-json\/wp\/v2\/posts\/4928\/revisions"}],"predecessor-version":[{"id":4936,"href":"https:\/\/www.tus-bruchhausen.de\/Fussball\/wp-json\/wp\/v2\/posts\/4928\/revisions\/4936"}],"wp:featuredmedia":[{"embeddable":true,"href":"https:\/\/www.tus-bruchhausen.de\/Fussball\/wp-json\/wp\/v2\/media\/4931"}],"wp:attachment":[{"href":"https:\/\/www.tus-bruchhausen.de\/Fussball\/wp-json\/wp\/v2\/media?parent=4928"}],"wp:term":[{"taxonomy":"category","embeddable":true,"href":"https:\/\/www.tus-bruchhausen.de\/Fussball\/wp-json\/wp\/v2\/categories?post=4928"},{"taxonomy":"post_tag","embeddable":true,"href":"https:\/\/www.tus-bruchhausen.de\/Fussball\/wp-json\/wp\/v2\/tags?post=4928"}],"curies":[{"name":"wp","href":"https:\/\/api.w.org\/{rel}","templated":true}]}}