{"id":8274,"date":"2015-08-06T08:49:49","date_gmt":"2015-08-06T06:49:49","guid":{"rendered":"http:\/\/tus-bruchhausen.de\/Fussball\/?p=8274"},"modified":"2015-08-07T23:18:27","modified_gmt":"2015-08-07T21:18:27","slug":"tus-team-zu-gast-bei-der-bruchhage-elf-in-neheim","status":"publish","type":"post","link":"https:\/\/www.tus-bruchhausen.de\/Fussball\/tus-team-zu-gast-bei-der-bruchhage-elf-in-neheim\/","title":{"rendered":"Bruchhausen zu Gast beim Landesligisten SC Neheim"},"content":{"rendered":"<p>Knapp eine Woche vor dem Ligastart in der Kreisliga A Arnsberg stehen an diesem Wochenende die letzten beiden Testspiele an. Bevor es am Sonntag zu Generalprobe in Langenholthausen kommt, steht am Freitagabend noch ein echtes Sahnespiel an. Die 1. Mannschaft des TuS Bruchhausen trifft im Freundschaftsspiel auf den Landesligisten SC Neheim. Die Mannschaft von SC-Trainer Alex Bruchhage empf\u00e4ngt die TuS-Elf um 19:45 Uhr im Neheimer Binnerfeld.<\/p>\n<h2>Letztes Aufeinandertreffen vor f\u00fcnf Jahren<\/h2>\n<figure id=\"attachment_8282\" aria-describedby=\"caption-attachment-8282\" style=\"width: 200px\" class=\"wp-caption alignright\"><a href=\"http:\/\/tus-bruchhausen.de\/Fussball\/wp-content\/uploads\/2015\/08\/10856591_833925356648487_6029323274126777584_o.jpg\" rel=\"lightbox[8274]\"><img loading=\"lazy\" decoding=\"async\" class=\"size-medium wp-image-8282\" src=\"http:\/\/tus-bruchhausen.de\/Fussball\/wp-content\/uploads\/2015\/08\/10856591_833925356648487_6029323274126777584_o-200x133.jpg\" alt=\"In der Halle hingegen treffen beide Teams h\u00e4ufiger aufeinander, jedoch immer mit dem gleichen Sieger.\" width=\"200\" height=\"133\" srcset=\"https:\/\/www.tus-bruchhausen.de\/Fussball\/wp-content\/uploads\/2015\/08\/10856591_833925356648487_6029323274126777584_o-200x133.jpg 200w, https:\/\/www.tus-bruchhausen.de\/Fussball\/wp-content\/uploads\/2015\/08\/10856591_833925356648487_6029323274126777584_o-563x376.jpg 563w, https:\/\/www.tus-bruchhausen.de\/Fussball\/wp-content\/uploads\/2015\/08\/10856591_833925356648487_6029323274126777584_o-95x64.jpg 95w, https:\/\/www.tus-bruchhausen.de\/Fussball\/wp-content\/uploads\/2015\/08\/10856591_833925356648487_6029323274126777584_o-900x601.jpg 900w, https:\/\/www.tus-bruchhausen.de\/Fussball\/wp-content\/uploads\/2015\/08\/10856591_833925356648487_6029323274126777584_o.jpg 1440w\" sizes=\"auto, (max-width: 200px) 100vw, 200px\" \/><\/a><figcaption id=\"caption-attachment-8282\" class=\"wp-caption-text\">In der Halle treffen beide Teams, anders als auf dem Feld, h\u00e4ufiger aufeinander.<\/figcaption><\/figure>\n<p>Nach f\u00fcnf Siegen in sechs Testspielen bekommt es der TuS Bruchhausen am Freitagabend mit einem echten Schwergewicht zu tun. Das TuS-Team ist beim rangh\u00f6chsten Team des Fu\u00dfballkreis Arnsberg zu Gast. Dass unter diesem Spiel die bisher sehr gute Testspielbilanz des Sommers leiden wird, ist wohl schon vorher klar.<\/p>\n<p>Partien des TuS Bruchhausen gegen den SC Neheim haben echten Seltenheitswert, im ersten Amtsjahr von TuS-Trainer Freddy Quebbemann beide schon mal in einem Pflichtspiel aufeinander. Im Oktober 2010 empfing die Hiag-Elf den Landesligisten im Viertelfinale des Kreispokals. Bruchhausen, damals noch B-Ligist, unterlag am Ende mit 0:4 auf dem Ascheplatz an der Hiag. In der abgelaufenen Landesliga-Saison belegte der SC Neheim mit 42 Punkten den achten Tabellenplatz. F\u00fcr den SC Neheim ist der Test gegen den TuS Bruchhausen bereits der achte Test in der Sommervorbereitung. Von den acht bisherigen Testspielen konnte der SC sechs gewinnen.<\/p>\n<p>Beim TuS Bruchhausen werden in Neheim noch einige Urlauber und anderweitig verhinderte Spieler fehlen. Zudem m\u00f6chte TuS-Trainer Freddy Quebbemann die Spieler auf die beiden Testspiele am Wochenende aufteilen. Damit m\u00f6glichst viele Spieler \u00fcber die volle Spieldistanz im Einsatz sind.<\/p>\n","protected":false},"excerpt":{"rendered":"<p>Knapp eine Woche vor dem Ligastart in der Kreisliga A Arnsberg stehen an diesem Wochenende die letzten beiden Testspiele an. Bevor es am Sonntag zu Generalprobe in Langenholthausen kommt, steht am Freitagabend noch ein echtes Sahnespiel an. Die 1. Mannschaft des TuS Bruchhausen trifft im Freundschaftsspiel auf den Landesligisten SC Neheim. Die Mannschaft von SC-Trainer [&hellip;]<\/p>\n","protected":false},"author":6,"featured_media":8297,"comment_status":"closed","ping_status":"closed","sticky":false,"template":"","format":"standard","meta":{"footnotes":""},"categories":[18],"tags":[],"class_list":["post-8274","post","type-post","status-publish","format-standard","has-post-thumbnail","hentry","category-spielankuendigung","small-justify-block","has-thumb"],"yoast_head":"<!-- This site is optimized with the Yoast SEO plugin v27.2 - https:\/\/yoast.com\/product\/yoast-seo-wordpress\/ -->\n<title>Bruchhausen zu Gast beim Landesligisten SC Neheim<\/title>\n<meta name=\"robots\" content=\"index, follow, max-snippet:-1, max-image-preview:large, max-video-preview:-1\" \/>\n<link rel=\"canonical\" href=\"https:\/\/www.tus-bruchhausen.de\/Fussball\/tus-team-zu-gast-bei-der-bruchhage-elf-in-neheim\/\" \/>\n<meta property=\"og:locale\" content=\"de_DE\" \/>\n<meta property=\"og:type\" content=\"article\" \/>\n<meta property=\"og:title\" content=\"Bruchhausen zu Gast beim Landesligisten SC Neheim\" \/>\n<meta property=\"og:description\" content=\"Knapp eine Woche vor dem Ligastart in der Kreisliga A Arnsberg stehen an diesem Wochenende die letzten beiden Testspiele an. Bevor es am Sonntag zu Generalprobe in Langenholthausen kommt, steht am Freitagabend noch ein echtes Sahnespiel an. Die 1. Mannschaft des TuS Bruchhausen trifft im Freundschaftsspiel auf den Landesligisten SC Neheim. Die Mannschaft von SC-Trainer [&hellip;]\" \/>\n<meta property=\"og:url\" content=\"https:\/\/www.tus-bruchhausen.de\/Fussball\/tus-team-zu-gast-bei-der-bruchhage-elf-in-neheim\/\" \/>\n<meta property=\"og:site_name\" content=\"TuS Bruchhausen\" \/>\n<meta property=\"article:publisher\" content=\"https:\/\/www.facebook.com\/TuS02\/\" \/>\n<meta property=\"article:published_time\" content=\"2015-08-06T06:49:49+00:00\" \/>\n<meta property=\"article:modified_time\" content=\"2015-08-07T21:18:27+00:00\" \/>\n<meta property=\"og:image\" content=\"https:\/\/www.tus-bruchhausen.de\/Fussball\/wp-content\/uploads\/2015\/08\/10620451_775579832483040_8621692524761540198_o1-e1438844458118.jpg\" \/>\n\t<meta property=\"og:image:width\" content=\"1438\" \/>\n\t<meta property=\"og:image:height\" content=\"838\" \/>\n\t<meta property=\"og:image:type\" content=\"image\/jpeg\" \/>\n<meta name=\"author\" content=\"Dominic Gabriel\" \/>\n<meta name=\"twitter:card\" content=\"summary_large_image\" \/>\n<meta name=\"twitter:label1\" content=\"Verfasst von\" \/>\n\t<meta name=\"twitter:data1\" content=\"Dominic Gabriel\" \/>\n\t<meta name=\"twitter:label2\" content=\"Gesch\u00e4tzte Lesezeit\" \/>\n\t<meta name=\"twitter:data2\" content=\"1\u00a0Minute\" \/>\n<script type=\"application\/ld+json\" class=\"yoast-schema-graph\">{\"@context\":\"https:\/\/schema.org\",\"@graph\":[{\"@type\":\"Article\",\"@id\":\"https:\/\/www.tus-bruchhausen.de\/Fussball\/tus-team-zu-gast-bei-der-bruchhage-elf-in-neheim\/#article\",\"isPartOf\":{\"@id\":\"https:\/\/www.tus-bruchhausen.de\/Fussball\/tus-team-zu-gast-bei-der-bruchhage-elf-in-neheim\/\"},\"author\":{\"name\":\"Dominic Gabriel\",\"@id\":\"http:\/\/www.tus-bruchhausen.de\/Fussball\/#\/schema\/person\/53a173c5abf387371fd35fcb395bc0af\"},\"headline\":\"Bruchhausen zu Gast beim Landesligisten SC Neheim\",\"datePublished\":\"2015-08-06T06:49:49+00:00\",\"dateModified\":\"2015-08-07T21:18:27+00:00\",\"mainEntityOfPage\":{\"@id\":\"https:\/\/www.tus-bruchhausen.de\/Fussball\/tus-team-zu-gast-bei-der-bruchhage-elf-in-neheim\/\"},\"wordCount\":283,\"image\":{\"@id\":\"https:\/\/www.tus-bruchhausen.de\/Fussball\/tus-team-zu-gast-bei-der-bruchhage-elf-in-neheim\/#primaryimage\"},\"thumbnailUrl\":\"https:\/\/www.tus-bruchhausen.de\/Fussball\/wp-content\/uploads\/2015\/08\/10620451_775579832483040_8621692524761540198_o1-e1438844458118.jpg\",\"articleSection\":[\"Spielank\u00fcndigung\"],\"inLanguage\":\"de\"},{\"@type\":\"WebPage\",\"@id\":\"https:\/\/www.tus-bruchhausen.de\/Fussball\/tus-team-zu-gast-bei-der-bruchhage-elf-in-neheim\/\",\"url\":\"https:\/\/www.tus-bruchhausen.de\/Fussball\/tus-team-zu-gast-bei-der-bruchhage-elf-in-neheim\/\",\"name\":\"Bruchhausen zu Gast beim Landesligisten SC Neheim\",\"isPartOf\":{\"@id\":\"http:\/\/www.tus-bruchhausen.de\/Fussball\/#website\"},\"primaryImageOfPage\":{\"@id\":\"https:\/\/www.tus-bruchhausen.de\/Fussball\/tus-team-zu-gast-bei-der-bruchhage-elf-in-neheim\/#primaryimage\"},\"image\":{\"@id\":\"https:\/\/www.tus-bruchhausen.de\/Fussball\/tus-team-zu-gast-bei-der-bruchhage-elf-in-neheim\/#primaryimage\"},\"thumbnailUrl\":\"https:\/\/www.tus-bruchhausen.de\/Fussball\/wp-content\/uploads\/2015\/08\/10620451_775579832483040_8621692524761540198_o1-e1438844458118.jpg\",\"datePublished\":\"2015-08-06T06:49:49+00:00\",\"dateModified\":\"2015-08-07T21:18:27+00:00\",\"author\":{\"@id\":\"http:\/\/www.tus-bruchhausen.de\/Fussball\/#\/schema\/person\/53a173c5abf387371fd35fcb395bc0af\"},\"breadcrumb\":{\"@id\":\"https:\/\/www.tus-bruchhausen.de\/Fussball\/tus-team-zu-gast-bei-der-bruchhage-elf-in-neheim\/#breadcrumb\"},\"inLanguage\":\"de\",\"potentialAction\":[{\"@type\":\"ReadAction\",\"target\":[\"https:\/\/www.tus-bruchhausen.de\/Fussball\/tus-team-zu-gast-bei-der-bruchhage-elf-in-neheim\/\"]}]},{\"@type\":\"ImageObject\",\"inLanguage\":\"de\",\"@id\":\"https:\/\/www.tus-bruchhausen.de\/Fussball\/tus-team-zu-gast-bei-der-bruchhage-elf-in-neheim\/#primaryimage\",\"url\":\"https:\/\/www.tus-bruchhausen.de\/Fussball\/wp-content\/uploads\/2015\/08\/10620451_775579832483040_8621692524761540198_o1-e1438844458118.jpg\",\"contentUrl\":\"https:\/\/www.tus-bruchhausen.de\/Fussball\/wp-content\/uploads\/2015\/08\/10620451_775579832483040_8621692524761540198_o1-e1438844458118.jpg\",\"width\":1438,\"height\":838},{\"@type\":\"BreadcrumbList\",\"@id\":\"https:\/\/www.tus-bruchhausen.de\/Fussball\/tus-team-zu-gast-bei-der-bruchhage-elf-in-neheim\/#breadcrumb\",\"itemListElement\":[{\"@type\":\"ListItem\",\"position\":1,\"name\":\"Startseite\",\"item\":\"https:\/\/www.tus-bruchhausen.de\/Fussball\/\"},{\"@type\":\"ListItem\",\"position\":2,\"name\":\"Bruchhausen zu Gast beim Landesligisten SC Neheim\"}]},{\"@type\":\"WebSite\",\"@id\":\"http:\/\/www.tus-bruchhausen.de\/Fussball\/#website\",\"url\":\"http:\/\/www.tus-bruchhausen.de\/Fussball\/\",\"name\":\"TuS Bruchhausen\",\"description\":\"Fu\u00dfball\",\"potentialAction\":[{\"@type\":\"SearchAction\",\"target\":{\"@type\":\"EntryPoint\",\"urlTemplate\":\"http:\/\/www.tus-bruchhausen.de\/Fussball\/?s={search_term_string}\"},\"query-input\":{\"@type\":\"PropertyValueSpecification\",\"valueRequired\":true,\"valueName\":\"search_term_string\"}}],\"inLanguage\":\"de\"},{\"@type\":\"Person\",\"@id\":\"http:\/\/www.tus-bruchhausen.de\/Fussball\/#\/schema\/person\/53a173c5abf387371fd35fcb395bc0af\",\"name\":\"Dominic Gabriel\",\"image\":{\"@type\":\"ImageObject\",\"inLanguage\":\"de\",\"@id\":\"https:\/\/secure.gravatar.com\/avatar\/750762ec91b9970d725a622f9a107d8412b787d34f1fd38dd08605665102440c?s=96&d=mm&r=g\",\"url\":\"https:\/\/secure.gravatar.com\/avatar\/750762ec91b9970d725a622f9a107d8412b787d34f1fd38dd08605665102440c?s=96&d=mm&r=g\",\"contentUrl\":\"https:\/\/secure.gravatar.com\/avatar\/750762ec91b9970d725a622f9a107d8412b787d34f1fd38dd08605665102440c?s=96&d=mm&r=g\",\"caption\":\"Dominic Gabriel\"}}]}<\/script>\n<!-- \/ Yoast SEO plugin. -->","yoast_head_json":{"title":"Bruchhausen zu Gast beim Landesligisten SC Neheim","robots":{"index":"index","follow":"follow","max-snippet":"max-snippet:-1","max-image-preview":"max-image-preview:large","max-video-preview":"max-video-preview:-1"},"canonical":"https:\/\/www.tus-bruchhausen.de\/Fussball\/tus-team-zu-gast-bei-der-bruchhage-elf-in-neheim\/","og_locale":"de_DE","og_type":"article","og_title":"Bruchhausen zu Gast beim Landesligisten SC Neheim","og_description":"Knapp eine Woche vor dem Ligastart in der Kreisliga A Arnsberg stehen an diesem Wochenende die letzten beiden Testspiele an. Bevor es am Sonntag zu Generalprobe in Langenholthausen kommt, steht am Freitagabend noch ein echtes Sahnespiel an. Die 1. Mannschaft des TuS Bruchhausen trifft im Freundschaftsspiel auf den Landesligisten SC Neheim. Die Mannschaft von SC-Trainer [&hellip;]","og_url":"https:\/\/www.tus-bruchhausen.de\/Fussball\/tus-team-zu-gast-bei-der-bruchhage-elf-in-neheim\/","og_site_name":"TuS Bruchhausen","article_publisher":"https:\/\/www.facebook.com\/TuS02\/","article_published_time":"2015-08-06T06:49:49+00:00","article_modified_time":"2015-08-07T21:18:27+00:00","og_image":[{"width":1438,"height":838,"url":"https:\/\/www.tus-bruchhausen.de\/Fussball\/wp-content\/uploads\/2015\/08\/10620451_775579832483040_8621692524761540198_o1-e1438844458118.jpg","type":"image\/jpeg"}],"author":"Dominic Gabriel","twitter_card":"summary_large_image","twitter_misc":{"Verfasst von":"Dominic Gabriel","Gesch\u00e4tzte Lesezeit":"1\u00a0Minute"},"schema":{"@context":"https:\/\/schema.org","@graph":[{"@type":"Article","@id":"https:\/\/www.tus-bruchhausen.de\/Fussball\/tus-team-zu-gast-bei-der-bruchhage-elf-in-neheim\/#article","isPartOf":{"@id":"https:\/\/www.tus-bruchhausen.de\/Fussball\/tus-team-zu-gast-bei-der-bruchhage-elf-in-neheim\/"},"author":{"name":"Dominic Gabriel","@id":"http:\/\/www.tus-bruchhausen.de\/Fussball\/#\/schema\/person\/53a173c5abf387371fd35fcb395bc0af"},"headline":"Bruchhausen zu Gast beim Landesligisten SC Neheim","datePublished":"2015-08-06T06:49:49+00:00","dateModified":"2015-08-07T21:18:27+00:00","mainEntityOfPage":{"@id":"https:\/\/www.tus-bruchhausen.de\/Fussball\/tus-team-zu-gast-bei-der-bruchhage-elf-in-neheim\/"},"wordCount":283,"image":{"@id":"https:\/\/www.tus-bruchhausen.de\/Fussball\/tus-team-zu-gast-bei-der-bruchhage-elf-in-neheim\/#primaryimage"},"thumbnailUrl":"https:\/\/www.tus-bruchhausen.de\/Fussball\/wp-content\/uploads\/2015\/08\/10620451_775579832483040_8621692524761540198_o1-e1438844458118.jpg","articleSection":["Spielank\u00fcndigung"],"inLanguage":"de"},{"@type":"WebPage","@id":"https:\/\/www.tus-bruchhausen.de\/Fussball\/tus-team-zu-gast-bei-der-bruchhage-elf-in-neheim\/","url":"https:\/\/www.tus-bruchhausen.de\/Fussball\/tus-team-zu-gast-bei-der-bruchhage-elf-in-neheim\/","name":"Bruchhausen zu Gast beim Landesligisten SC Neheim","isPartOf":{"@id":"http:\/\/www.tus-bruchhausen.de\/Fussball\/#website"},"primaryImageOfPage":{"@id":"https:\/\/www.tus-bruchhausen.de\/Fussball\/tus-team-zu-gast-bei-der-bruchhage-elf-in-neheim\/#primaryimage"},"image":{"@id":"https:\/\/www.tus-bruchhausen.de\/Fussball\/tus-team-zu-gast-bei-der-bruchhage-elf-in-neheim\/#primaryimage"},"thumbnailUrl":"https:\/\/www.tus-bruchhausen.de\/Fussball\/wp-content\/uploads\/2015\/08\/10620451_775579832483040_8621692524761540198_o1-e1438844458118.jpg","datePublished":"2015-08-06T06:49:49+00:00","dateModified":"2015-08-07T21:18:27+00:00","author":{"@id":"http:\/\/www.tus-bruchhausen.de\/Fussball\/#\/schema\/person\/53a173c5abf387371fd35fcb395bc0af"},"breadcrumb":{"@id":"https:\/\/www.tus-bruchhausen.de\/Fussball\/tus-team-zu-gast-bei-der-bruchhage-elf-in-neheim\/#breadcrumb"},"inLanguage":"de","potentialAction":[{"@type":"ReadAction","target":["https:\/\/www.tus-bruchhausen.de\/Fussball\/tus-team-zu-gast-bei-der-bruchhage-elf-in-neheim\/"]}]},{"@type":"ImageObject","inLanguage":"de","@id":"https:\/\/www.tus-bruchhausen.de\/Fussball\/tus-team-zu-gast-bei-der-bruchhage-elf-in-neheim\/#primaryimage","url":"https:\/\/www.tus-bruchhausen.de\/Fussball\/wp-content\/uploads\/2015\/08\/10620451_775579832483040_8621692524761540198_o1-e1438844458118.jpg","contentUrl":"https:\/\/www.tus-bruchhausen.de\/Fussball\/wp-content\/uploads\/2015\/08\/10620451_775579832483040_8621692524761540198_o1-e1438844458118.jpg","width":1438,"height":838},{"@type":"BreadcrumbList","@id":"https:\/\/www.tus-bruchhausen.de\/Fussball\/tus-team-zu-gast-bei-der-bruchhage-elf-in-neheim\/#breadcrumb","itemListElement":[{"@type":"ListItem","position":1,"name":"Startseite","item":"https:\/\/www.tus-bruchhausen.de\/Fussball\/"},{"@type":"ListItem","position":2,"name":"Bruchhausen zu Gast beim Landesligisten SC Neheim"}]},{"@type":"WebSite","@id":"http:\/\/www.tus-bruchhausen.de\/Fussball\/#website","url":"http:\/\/www.tus-bruchhausen.de\/Fussball\/","name":"TuS Bruchhausen","description":"Fu\u00dfball","potentialAction":[{"@type":"SearchAction","target":{"@type":"EntryPoint","urlTemplate":"http:\/\/www.tus-bruchhausen.de\/Fussball\/?s={search_term_string}"},"query-input":{"@type":"PropertyValueSpecification","valueRequired":true,"valueName":"search_term_string"}}],"inLanguage":"de"},{"@type":"Person","@id":"http:\/\/www.tus-bruchhausen.de\/Fussball\/#\/schema\/person\/53a173c5abf387371fd35fcb395bc0af","name":"Dominic Gabriel","image":{"@type":"ImageObject","inLanguage":"de","@id":"https:\/\/secure.gravatar.com\/avatar\/750762ec91b9970d725a622f9a107d8412b787d34f1fd38dd08605665102440c?s=96&d=mm&r=g","url":"https:\/\/secure.gravatar.com\/avatar\/750762ec91b9970d725a622f9a107d8412b787d34f1fd38dd08605665102440c?s=96&d=mm&r=g","contentUrl":"https:\/\/secure.gravatar.com\/avatar\/750762ec91b9970d725a622f9a107d8412b787d34f1fd38dd08605665102440c?s=96&d=mm&r=g","caption":"Dominic Gabriel"}}]}},"_links":{"self":[{"href":"https:\/\/www.tus-bruchhausen.de\/Fussball\/wp-json\/wp\/v2\/posts\/8274","targetHints":{"allow":["GET"]}}],"collection":[{"href":"https:\/\/www.tus-bruchhausen.de\/Fussball\/wp-json\/wp\/v2\/posts"}],"about":[{"href":"https:\/\/www.tus-bruchhausen.de\/Fussball\/wp-json\/wp\/v2\/types\/post"}],"author":[{"embeddable":true,"href":"https:\/\/www.tus-bruchhausen.de\/Fussball\/wp-json\/wp\/v2\/users\/6"}],"replies":[{"embeddable":true,"href":"https:\/\/www.tus-bruchhausen.de\/Fussball\/wp-json\/wp\/v2\/comments?post=8274"}],"version-history":[{"count":11,"href":"https:\/\/www.tus-bruchhausen.de\/Fussball\/wp-json\/wp\/v2\/posts\/8274\/revisions"}],"predecessor-version":[{"id":8296,"href":"https:\/\/www.tus-bruchhausen.de\/Fussball\/wp-json\/wp\/v2\/posts\/8274\/revisions\/8296"}],"wp:featuredmedia":[{"embeddable":true,"href":"https:\/\/www.tus-bruchhausen.de\/Fussball\/wp-json\/wp\/v2\/media\/8297"}],"wp:attachment":[{"href":"https:\/\/www.tus-bruchhausen.de\/Fussball\/wp-json\/wp\/v2\/media?parent=8274"}],"wp:term":[{"taxonomy":"category","embeddable":true,"href":"https:\/\/www.tus-bruchhausen.de\/Fussball\/wp-json\/wp\/v2\/categories?post=8274"},{"taxonomy":"post_tag","embeddable":true,"href":"https:\/\/www.tus-bruchhausen.de\/Fussball\/wp-json\/wp\/v2\/tags?post=8274"}],"curies":[{"name":"wp","href":"https:\/\/api.w.org\/{rel}","templated":true}]}}