{"id":8298,"date":"2015-08-08T23:19:14","date_gmt":"2015-08-08T21:19:14","guid":{"rendered":"http:\/\/tus-bruchhausen.de\/Fussball\/?p=8298"},"modified":"2015-08-09T19:46:14","modified_gmt":"2015-08-09T17:46:14","slug":"generalprobe-der-hiag-elf-steigt-in-langenholthausen","status":"publish","type":"post","link":"https:\/\/www.tus-bruchhausen.de\/Fussball\/generalprobe-der-hiag-elf-steigt-in-langenholthausen\/","title":{"rendered":"Generalprobe der Hiag-Elf steigt in Langenholthausen"},"content":{"rendered":"<p>Exakt eine Woche vor dem Meisterschaftstart bei der SG Grevenstein\/Hellefeld-Altenhellfeld reist die Hiag-Elf zur Feuertaufe zum TuS Langenholthausen. Das letzte von nun Testspielen startet am Sonntag um 15:00 Uhr auf dem Kunstrasenplatz in Langenholthausen.<\/p>\n<h2>Rabenschwarze Bilanz in Langenholthausen<\/h2>\n<figure id=\"attachment_8304\" aria-describedby=\"caption-attachment-8304\" style=\"width: 200px\" class=\"wp-caption alignright\"><a href=\"http:\/\/tus-bruchhausen.de\/Fussball\/wp-content\/uploads\/2015\/08\/883822_525318980842461_613780553_o.jpg\" rel=\"lightbox[8298]\"><img loading=\"lazy\" decoding=\"async\" class=\"size-medium wp-image-8304\" src=\"http:\/\/tus-bruchhausen.de\/Fussball\/wp-content\/uploads\/2015\/08\/883822_525318980842461_613780553_o-200x134.jpg\" alt=\"Unvergessen: Die Asche-Schlacht gegen den TuS Langenholthausen um den Klassenerhalt im April 2013.\" width=\"200\" height=\"134\" srcset=\"https:\/\/www.tus-bruchhausen.de\/Fussball\/wp-content\/uploads\/2015\/08\/883822_525318980842461_613780553_o-200x134.jpg 200w, https:\/\/www.tus-bruchhausen.de\/Fussball\/wp-content\/uploads\/2015\/08\/883822_525318980842461_613780553_o-563x376.jpg 563w, https:\/\/www.tus-bruchhausen.de\/Fussball\/wp-content\/uploads\/2015\/08\/883822_525318980842461_613780553_o-95x64.jpg 95w, https:\/\/www.tus-bruchhausen.de\/Fussball\/wp-content\/uploads\/2015\/08\/883822_525318980842461_613780553_o-900x601.jpg 900w, https:\/\/www.tus-bruchhausen.de\/Fussball\/wp-content\/uploads\/2015\/08\/883822_525318980842461_613780553_o.jpg 1440w\" sizes=\"auto, (max-width: 200px) 100vw, 200px\" \/><\/a><figcaption id=\"caption-attachment-8304\" class=\"wp-caption-text\">Unvergessen: Die Asche-Schlacht gegen den TuS Langenholthausen um den Klassenerhalt im April 2013.<\/figcaption><\/figure>\n<p>Wie schon in der vorherigen Sommervorbereitung steigt die Gernalprobe wieder beim Bezirksligisten TuS Langenholthausen. Das Freundschaftsspiel endete im letzten Jahr 2:2-Unentschieden. Kurz vor dem Ende musste die TuS-Elf noch den Ausgleich durch einen Elfmeter hinnehmen. In diesem Sommer bauten die Gastgeber\u00a0 den Kader kr\u00e4ftig um, so dass der Vergleich zur Vorsaion schwerlich ist.<\/p>\n<p>Die letzte Bezirksligasaison beendete der TuS Langenholthausen mit 39 Punkten auf dem achten Tabellenplatz. Obwohl die letzten beiden Duelle beider Mannschaften Unentschieden endeten, ist die gesamt Bilanz des TuS 02 gegen Langenholthausen Rabenschwarz. Der letzte Sieg gegen den sonnt\u00e4glichen Gegener ist schon \u00fcber 12 Jahre her. Im D\u00fcsterloh hat der TuS Bruchhausen in der j\u00fcngeren Geschichte sogar \u00fcberhaupt noch nicht gewonnen. Es wird also Zeit f\u00fcr eine gelungene Feuertraufe vor dem ersten Saisonspiel.<\/p>\n","protected":false},"excerpt":{"rendered":"<p>Exakt eine Woche vor dem Meisterschaftstart bei der SG Grevenstein\/Hellefeld-Altenhellfeld reist die Hiag-Elf zur Feuertaufe zum TuS Langenholthausen. Das letzte von nun Testspielen startet am Sonntag um 15:00 Uhr auf dem Kunstrasenplatz in Langenholthausen. Rabenschwarze Bilanz in Langenholthausen Wie schon in der vorherigen Sommervorbereitung steigt die Gernalprobe wieder beim Bezirksligisten TuS Langenholthausen. Das Freundschaftsspiel endete [&hellip;]<\/p>\n","protected":false},"author":6,"featured_media":8303,"comment_status":"closed","ping_status":"closed","sticky":false,"template":"","format":"standard","meta":{"footnotes":""},"categories":[18],"tags":[],"class_list":["post-8298","post","type-post","status-publish","format-standard","has-post-thumbnail","hentry","category-spielankuendigung","small-justify-block","has-thumb"],"yoast_head":"<!-- This site is optimized with the Yoast SEO plugin v27.2 - https:\/\/yoast.com\/product\/yoast-seo-wordpress\/ -->\n<title>Generalprobe der Hiag-Elf steigt in Langenholthausen<\/title>\n<meta name=\"robots\" content=\"index, follow, max-snippet:-1, max-image-preview:large, max-video-preview:-1\" \/>\n<link rel=\"canonical\" href=\"https:\/\/www.tus-bruchhausen.de\/Fussball\/generalprobe-der-hiag-elf-steigt-in-langenholthausen\/\" \/>\n<meta property=\"og:locale\" content=\"de_DE\" \/>\n<meta property=\"og:type\" content=\"article\" \/>\n<meta property=\"og:title\" content=\"Generalprobe der Hiag-Elf steigt in Langenholthausen\" \/>\n<meta property=\"og:description\" content=\"Exakt eine Woche vor dem Meisterschaftstart bei der SG Grevenstein\/Hellefeld-Altenhellfeld reist die Hiag-Elf zur Feuertaufe zum TuS Langenholthausen. Das letzte von nun Testspielen startet am Sonntag um 15:00 Uhr auf dem Kunstrasenplatz in Langenholthausen. Rabenschwarze Bilanz in Langenholthausen Wie schon in der vorherigen Sommervorbereitung steigt die Gernalprobe wieder beim Bezirksligisten TuS Langenholthausen. Das Freundschaftsspiel endete [&hellip;]\" \/>\n<meta property=\"og:url\" content=\"https:\/\/www.tus-bruchhausen.de\/Fussball\/generalprobe-der-hiag-elf-steigt-in-langenholthausen\/\" \/>\n<meta property=\"og:site_name\" content=\"TuS Bruchhausen\" \/>\n<meta property=\"article:publisher\" content=\"https:\/\/www.facebook.com\/TuS02\/\" \/>\n<meta property=\"article:published_time\" content=\"2015-08-08T21:19:14+00:00\" \/>\n<meta property=\"article:modified_time\" content=\"2015-08-09T17:46:14+00:00\" \/>\n<meta property=\"og:image\" content=\"https:\/\/www.tus-bruchhausen.de\/Fussball\/wp-content\/uploads\/2015\/08\/905466_525318224175870_771989041_o-e1438864717808.jpg\" \/>\n\t<meta property=\"og:image:width\" content=\"1438\" \/>\n\t<meta property=\"og:image:height\" content=\"697\" \/>\n\t<meta property=\"og:image:type\" content=\"image\/jpeg\" \/>\n<meta name=\"author\" content=\"Dominic Gabriel\" \/>\n<meta name=\"twitter:card\" content=\"summary_large_image\" \/>\n<meta name=\"twitter:label1\" content=\"Verfasst von\" \/>\n\t<meta name=\"twitter:data1\" content=\"Dominic Gabriel\" \/>\n\t<meta name=\"twitter:label2\" content=\"Gesch\u00e4tzte Lesezeit\" \/>\n\t<meta name=\"twitter:data2\" content=\"1\u00a0Minute\" \/>\n<script type=\"application\/ld+json\" class=\"yoast-schema-graph\">{\"@context\":\"https:\/\/schema.org\",\"@graph\":[{\"@type\":\"Article\",\"@id\":\"https:\/\/www.tus-bruchhausen.de\/Fussball\/generalprobe-der-hiag-elf-steigt-in-langenholthausen\/#article\",\"isPartOf\":{\"@id\":\"https:\/\/www.tus-bruchhausen.de\/Fussball\/generalprobe-der-hiag-elf-steigt-in-langenholthausen\/\"},\"author\":{\"name\":\"Dominic Gabriel\",\"@id\":\"http:\/\/www.tus-bruchhausen.de\/Fussball\/#\/schema\/person\/53a173c5abf387371fd35fcb395bc0af\"},\"headline\":\"Generalprobe der Hiag-Elf steigt in Langenholthausen\",\"datePublished\":\"2015-08-08T21:19:14+00:00\",\"dateModified\":\"2015-08-09T17:46:14+00:00\",\"mainEntityOfPage\":{\"@id\":\"https:\/\/www.tus-bruchhausen.de\/Fussball\/generalprobe-der-hiag-elf-steigt-in-langenholthausen\/\"},\"wordCount\":191,\"image\":{\"@id\":\"https:\/\/www.tus-bruchhausen.de\/Fussball\/generalprobe-der-hiag-elf-steigt-in-langenholthausen\/#primaryimage\"},\"thumbnailUrl\":\"https:\/\/www.tus-bruchhausen.de\/Fussball\/wp-content\/uploads\/2015\/08\/905466_525318224175870_771989041_o-e1438864717808.jpg\",\"articleSection\":[\"Spielank\u00fcndigung\"],\"inLanguage\":\"de\"},{\"@type\":\"WebPage\",\"@id\":\"https:\/\/www.tus-bruchhausen.de\/Fussball\/generalprobe-der-hiag-elf-steigt-in-langenholthausen\/\",\"url\":\"https:\/\/www.tus-bruchhausen.de\/Fussball\/generalprobe-der-hiag-elf-steigt-in-langenholthausen\/\",\"name\":\"Generalprobe der Hiag-Elf steigt in Langenholthausen\",\"isPartOf\":{\"@id\":\"http:\/\/www.tus-bruchhausen.de\/Fussball\/#website\"},\"primaryImageOfPage\":{\"@id\":\"https:\/\/www.tus-bruchhausen.de\/Fussball\/generalprobe-der-hiag-elf-steigt-in-langenholthausen\/#primaryimage\"},\"image\":{\"@id\":\"https:\/\/www.tus-bruchhausen.de\/Fussball\/generalprobe-der-hiag-elf-steigt-in-langenholthausen\/#primaryimage\"},\"thumbnailUrl\":\"https:\/\/www.tus-bruchhausen.de\/Fussball\/wp-content\/uploads\/2015\/08\/905466_525318224175870_771989041_o-e1438864717808.jpg\",\"datePublished\":\"2015-08-08T21:19:14+00:00\",\"dateModified\":\"2015-08-09T17:46:14+00:00\",\"author\":{\"@id\":\"http:\/\/www.tus-bruchhausen.de\/Fussball\/#\/schema\/person\/53a173c5abf387371fd35fcb395bc0af\"},\"breadcrumb\":{\"@id\":\"https:\/\/www.tus-bruchhausen.de\/Fussball\/generalprobe-der-hiag-elf-steigt-in-langenholthausen\/#breadcrumb\"},\"inLanguage\":\"de\",\"potentialAction\":[{\"@type\":\"ReadAction\",\"target\":[\"https:\/\/www.tus-bruchhausen.de\/Fussball\/generalprobe-der-hiag-elf-steigt-in-langenholthausen\/\"]}]},{\"@type\":\"ImageObject\",\"inLanguage\":\"de\",\"@id\":\"https:\/\/www.tus-bruchhausen.de\/Fussball\/generalprobe-der-hiag-elf-steigt-in-langenholthausen\/#primaryimage\",\"url\":\"https:\/\/www.tus-bruchhausen.de\/Fussball\/wp-content\/uploads\/2015\/08\/905466_525318224175870_771989041_o-e1438864717808.jpg\",\"contentUrl\":\"https:\/\/www.tus-bruchhausen.de\/Fussball\/wp-content\/uploads\/2015\/08\/905466_525318224175870_771989041_o-e1438864717808.jpg\",\"width\":1438,\"height\":697},{\"@type\":\"BreadcrumbList\",\"@id\":\"https:\/\/www.tus-bruchhausen.de\/Fussball\/generalprobe-der-hiag-elf-steigt-in-langenholthausen\/#breadcrumb\",\"itemListElement\":[{\"@type\":\"ListItem\",\"position\":1,\"name\":\"Startseite\",\"item\":\"https:\/\/www.tus-bruchhausen.de\/Fussball\/\"},{\"@type\":\"ListItem\",\"position\":2,\"name\":\"Generalprobe der Hiag-Elf steigt in Langenholthausen\"}]},{\"@type\":\"WebSite\",\"@id\":\"http:\/\/www.tus-bruchhausen.de\/Fussball\/#website\",\"url\":\"http:\/\/www.tus-bruchhausen.de\/Fussball\/\",\"name\":\"TuS Bruchhausen\",\"description\":\"Fu\u00dfball\",\"potentialAction\":[{\"@type\":\"SearchAction\",\"target\":{\"@type\":\"EntryPoint\",\"urlTemplate\":\"http:\/\/www.tus-bruchhausen.de\/Fussball\/?s={search_term_string}\"},\"query-input\":{\"@type\":\"PropertyValueSpecification\",\"valueRequired\":true,\"valueName\":\"search_term_string\"}}],\"inLanguage\":\"de\"},{\"@type\":\"Person\",\"@id\":\"http:\/\/www.tus-bruchhausen.de\/Fussball\/#\/schema\/person\/53a173c5abf387371fd35fcb395bc0af\",\"name\":\"Dominic Gabriel\",\"image\":{\"@type\":\"ImageObject\",\"inLanguage\":\"de\",\"@id\":\"https:\/\/secure.gravatar.com\/avatar\/750762ec91b9970d725a622f9a107d8412b787d34f1fd38dd08605665102440c?s=96&d=mm&r=g\",\"url\":\"https:\/\/secure.gravatar.com\/avatar\/750762ec91b9970d725a622f9a107d8412b787d34f1fd38dd08605665102440c?s=96&d=mm&r=g\",\"contentUrl\":\"https:\/\/secure.gravatar.com\/avatar\/750762ec91b9970d725a622f9a107d8412b787d34f1fd38dd08605665102440c?s=96&d=mm&r=g\",\"caption\":\"Dominic Gabriel\"}}]}<\/script>\n<!-- \/ Yoast SEO plugin. -->","yoast_head_json":{"title":"Generalprobe der Hiag-Elf steigt in Langenholthausen","robots":{"index":"index","follow":"follow","max-snippet":"max-snippet:-1","max-image-preview":"max-image-preview:large","max-video-preview":"max-video-preview:-1"},"canonical":"https:\/\/www.tus-bruchhausen.de\/Fussball\/generalprobe-der-hiag-elf-steigt-in-langenholthausen\/","og_locale":"de_DE","og_type":"article","og_title":"Generalprobe der Hiag-Elf steigt in Langenholthausen","og_description":"Exakt eine Woche vor dem Meisterschaftstart bei der SG Grevenstein\/Hellefeld-Altenhellfeld reist die Hiag-Elf zur Feuertaufe zum TuS Langenholthausen. Das letzte von nun Testspielen startet am Sonntag um 15:00 Uhr auf dem Kunstrasenplatz in Langenholthausen. Rabenschwarze Bilanz in Langenholthausen Wie schon in der vorherigen Sommervorbereitung steigt die Gernalprobe wieder beim Bezirksligisten TuS Langenholthausen. Das Freundschaftsspiel endete [&hellip;]","og_url":"https:\/\/www.tus-bruchhausen.de\/Fussball\/generalprobe-der-hiag-elf-steigt-in-langenholthausen\/","og_site_name":"TuS Bruchhausen","article_publisher":"https:\/\/www.facebook.com\/TuS02\/","article_published_time":"2015-08-08T21:19:14+00:00","article_modified_time":"2015-08-09T17:46:14+00:00","og_image":[{"width":1438,"height":697,"url":"https:\/\/www.tus-bruchhausen.de\/Fussball\/wp-content\/uploads\/2015\/08\/905466_525318224175870_771989041_o-e1438864717808.jpg","type":"image\/jpeg"}],"author":"Dominic Gabriel","twitter_card":"summary_large_image","twitter_misc":{"Verfasst von":"Dominic Gabriel","Gesch\u00e4tzte Lesezeit":"1\u00a0Minute"},"schema":{"@context":"https:\/\/schema.org","@graph":[{"@type":"Article","@id":"https:\/\/www.tus-bruchhausen.de\/Fussball\/generalprobe-der-hiag-elf-steigt-in-langenholthausen\/#article","isPartOf":{"@id":"https:\/\/www.tus-bruchhausen.de\/Fussball\/generalprobe-der-hiag-elf-steigt-in-langenholthausen\/"},"author":{"name":"Dominic Gabriel","@id":"http:\/\/www.tus-bruchhausen.de\/Fussball\/#\/schema\/person\/53a173c5abf387371fd35fcb395bc0af"},"headline":"Generalprobe der Hiag-Elf steigt in Langenholthausen","datePublished":"2015-08-08T21:19:14+00:00","dateModified":"2015-08-09T17:46:14+00:00","mainEntityOfPage":{"@id":"https:\/\/www.tus-bruchhausen.de\/Fussball\/generalprobe-der-hiag-elf-steigt-in-langenholthausen\/"},"wordCount":191,"image":{"@id":"https:\/\/www.tus-bruchhausen.de\/Fussball\/generalprobe-der-hiag-elf-steigt-in-langenholthausen\/#primaryimage"},"thumbnailUrl":"https:\/\/www.tus-bruchhausen.de\/Fussball\/wp-content\/uploads\/2015\/08\/905466_525318224175870_771989041_o-e1438864717808.jpg","articleSection":["Spielank\u00fcndigung"],"inLanguage":"de"},{"@type":"WebPage","@id":"https:\/\/www.tus-bruchhausen.de\/Fussball\/generalprobe-der-hiag-elf-steigt-in-langenholthausen\/","url":"https:\/\/www.tus-bruchhausen.de\/Fussball\/generalprobe-der-hiag-elf-steigt-in-langenholthausen\/","name":"Generalprobe der Hiag-Elf steigt in Langenholthausen","isPartOf":{"@id":"http:\/\/www.tus-bruchhausen.de\/Fussball\/#website"},"primaryImageOfPage":{"@id":"https:\/\/www.tus-bruchhausen.de\/Fussball\/generalprobe-der-hiag-elf-steigt-in-langenholthausen\/#primaryimage"},"image":{"@id":"https:\/\/www.tus-bruchhausen.de\/Fussball\/generalprobe-der-hiag-elf-steigt-in-langenholthausen\/#primaryimage"},"thumbnailUrl":"https:\/\/www.tus-bruchhausen.de\/Fussball\/wp-content\/uploads\/2015\/08\/905466_525318224175870_771989041_o-e1438864717808.jpg","datePublished":"2015-08-08T21:19:14+00:00","dateModified":"2015-08-09T17:46:14+00:00","author":{"@id":"http:\/\/www.tus-bruchhausen.de\/Fussball\/#\/schema\/person\/53a173c5abf387371fd35fcb395bc0af"},"breadcrumb":{"@id":"https:\/\/www.tus-bruchhausen.de\/Fussball\/generalprobe-der-hiag-elf-steigt-in-langenholthausen\/#breadcrumb"},"inLanguage":"de","potentialAction":[{"@type":"ReadAction","target":["https:\/\/www.tus-bruchhausen.de\/Fussball\/generalprobe-der-hiag-elf-steigt-in-langenholthausen\/"]}]},{"@type":"ImageObject","inLanguage":"de","@id":"https:\/\/www.tus-bruchhausen.de\/Fussball\/generalprobe-der-hiag-elf-steigt-in-langenholthausen\/#primaryimage","url":"https:\/\/www.tus-bruchhausen.de\/Fussball\/wp-content\/uploads\/2015\/08\/905466_525318224175870_771989041_o-e1438864717808.jpg","contentUrl":"https:\/\/www.tus-bruchhausen.de\/Fussball\/wp-content\/uploads\/2015\/08\/905466_525318224175870_771989041_o-e1438864717808.jpg","width":1438,"height":697},{"@type":"BreadcrumbList","@id":"https:\/\/www.tus-bruchhausen.de\/Fussball\/generalprobe-der-hiag-elf-steigt-in-langenholthausen\/#breadcrumb","itemListElement":[{"@type":"ListItem","position":1,"name":"Startseite","item":"https:\/\/www.tus-bruchhausen.de\/Fussball\/"},{"@type":"ListItem","position":2,"name":"Generalprobe der Hiag-Elf steigt in Langenholthausen"}]},{"@type":"WebSite","@id":"http:\/\/www.tus-bruchhausen.de\/Fussball\/#website","url":"http:\/\/www.tus-bruchhausen.de\/Fussball\/","name":"TuS Bruchhausen","description":"Fu\u00dfball","potentialAction":[{"@type":"SearchAction","target":{"@type":"EntryPoint","urlTemplate":"http:\/\/www.tus-bruchhausen.de\/Fussball\/?s={search_term_string}"},"query-input":{"@type":"PropertyValueSpecification","valueRequired":true,"valueName":"search_term_string"}}],"inLanguage":"de"},{"@type":"Person","@id":"http:\/\/www.tus-bruchhausen.de\/Fussball\/#\/schema\/person\/53a173c5abf387371fd35fcb395bc0af","name":"Dominic Gabriel","image":{"@type":"ImageObject","inLanguage":"de","@id":"https:\/\/secure.gravatar.com\/avatar\/750762ec91b9970d725a622f9a107d8412b787d34f1fd38dd08605665102440c?s=96&d=mm&r=g","url":"https:\/\/secure.gravatar.com\/avatar\/750762ec91b9970d725a622f9a107d8412b787d34f1fd38dd08605665102440c?s=96&d=mm&r=g","contentUrl":"https:\/\/secure.gravatar.com\/avatar\/750762ec91b9970d725a622f9a107d8412b787d34f1fd38dd08605665102440c?s=96&d=mm&r=g","caption":"Dominic Gabriel"}}]}},"_links":{"self":[{"href":"https:\/\/www.tus-bruchhausen.de\/Fussball\/wp-json\/wp\/v2\/posts\/8298","targetHints":{"allow":["GET"]}}],"collection":[{"href":"https:\/\/www.tus-bruchhausen.de\/Fussball\/wp-json\/wp\/v2\/posts"}],"about":[{"href":"https:\/\/www.tus-bruchhausen.de\/Fussball\/wp-json\/wp\/v2\/types\/post"}],"author":[{"embeddable":true,"href":"https:\/\/www.tus-bruchhausen.de\/Fussball\/wp-json\/wp\/v2\/users\/6"}],"replies":[{"embeddable":true,"href":"https:\/\/www.tus-bruchhausen.de\/Fussball\/wp-json\/wp\/v2\/comments?post=8298"}],"version-history":[{"count":5,"href":"https:\/\/www.tus-bruchhausen.de\/Fussball\/wp-json\/wp\/v2\/posts\/8298\/revisions"}],"predecessor-version":[{"id":8390,"href":"https:\/\/www.tus-bruchhausen.de\/Fussball\/wp-json\/wp\/v2\/posts\/8298\/revisions\/8390"}],"wp:featuredmedia":[{"embeddable":true,"href":"https:\/\/www.tus-bruchhausen.de\/Fussball\/wp-json\/wp\/v2\/media\/8303"}],"wp:attachment":[{"href":"https:\/\/www.tus-bruchhausen.de\/Fussball\/wp-json\/wp\/v2\/media?parent=8298"}],"wp:term":[{"taxonomy":"category","embeddable":true,"href":"https:\/\/www.tus-bruchhausen.de\/Fussball\/wp-json\/wp\/v2\/categories?post=8298"},{"taxonomy":"post_tag","embeddable":true,"href":"https:\/\/www.tus-bruchhausen.de\/Fussball\/wp-json\/wp\/v2\/tags?post=8298"}],"curies":[{"name":"wp","href":"https:\/\/api.w.org\/{rel}","templated":true}]}}