{"id":8392,"date":"2015-08-09T19:46:55","date_gmt":"2015-08-09T17:46:55","guid":{"rendered":"http:\/\/tus-bruchhausen.de\/Fussball\/?p=8392"},"modified":"2015-08-09T21:32:00","modified_gmt":"2015-08-09T19:32:00","slug":"voellig-verkorste-generalprobe-in-langenholthausen","status":"publish","type":"post","link":"https:\/\/www.tus-bruchhausen.de\/Fussball\/voellig-verkorste-generalprobe-in-langenholthausen\/","title":{"rendered":"V\u00f6llig verkorkste Generalprobe in Langenholthausen"},"content":{"rendered":"<p>Eine Woche vor dem Ligastart musste der TuS Bruchhausen einen deutlichen D\u00e4mpfer hinnehmen. Beim Bezirksligisten TuS Langenholthausen unterlag die TuS-Elf mit 0:6 (0:2). \u00a0Zum gebrauchten Tag passte dann noch die gelb-rote Karte f\u00fcr Torh\u00fcter Andreas Hoppe in der 83. Minute.<\/p>\n<h2>Schiedsrichter \u00fcbersieht T\u00e4tlichkeit am TuS-Verteidiger<\/h2>\n<p>Zur Generalprobe in Langenholthausen hatte das Trainerduo das Team im Vergleich zum Freitagabend-Spiel in Neheim auf neun Positionen umgebaut um allen die Freitag verhindert waren nochmal eine Woche vor dem Saisonstart m\u00f6glichst viel Spielpraxis zu geben. Das Spiel startete gleich entsprechend unruhig, so wurde auf beiden Seiten fast jede Szene lautstark kommentiert. Der m\u00e4\u00dfige Schiedsrichter, der die Partie zu kaum einen Zeitpunkt im Griff hatte tat sein \u00dcbriges dabei. Der erste negative H\u00f6hepunkt ereignete sich in der 10. Spielminute als TuS-Verteidiger Walter einen Schlag vom Gegenspieler einstecken musste. Der Unparteiische \u00fcbersah diese T\u00e4tlichkeit jedoch zum Gl\u00fcck der Gastgeber. Der TuS Bruchhausen hatte sichtlich Probleme mit dieser Gangart.<\/p>\n<p>Auf der sportlichen Seite des Spiels erarbeitet sich der TuS Langenholthausen die Torchancen. Nach einem langen Ball durch die Schnittstellte tauchte Dardan Fazlja vor dem TuS-Kasten auf versenkte den Ball zum 1:o f\u00fcr die Gastgeber (12.). Bruchhausen hingegen lie\u00df bei den hei\u00dfen Temperaturen vor Allem Laufbereitschaft vermissen und kassierte zw\u00f6lf Minuten nach dem R\u00fcckstand das 2:0. Diesmal war es \u00d6mer G\u00fcnes der f\u00fcr den TuS Langenholthausen traf (24.). Anschlie\u00dfend gestaltete der TuS 02 das Spiel bis zur Pause etwas ausgeglichener, haderte jedoch immer wieder mit den teilweise verbalen Entgleisungen einiger Gastgeber.<\/p>\n<p>Nach dem Seitenwechsel wurde das Spiel etwas ruhiger und angenehmer, der Bezirksligist behielt jedoch weiterhin die Spielkontrolle. Etwas Pech hatte der TuS Bruchhausen dann bei den zwei folgenden Gegentoren zum 3:0 und 4:0. Die deutliche Abseitsstellung der St\u00fcrmer wurde gleich 2-mal \u00fcbersehen und so konnte \u00d6mer Gr\u00fcnes seinen\u00a0Dreierpack f\u00fcr den TuS Langenholthausen perfekt machen (59. \/ 64.). Trotz der Fehlentscheidung ging die H\u00f6he des R\u00fcckstandes jedoch in Ordnung. Die G\u00e4ste aus Bruchhausen fanden \u00fcber 90 Minuten nicht ins Spiel.<\/p>\n<h2>Bruchhausen Keeper halten zwei Elfmeter<\/h2>\n<p>In der 74. Minute erwischte der rausgeilte TuS-Torh\u00fcter Andreas Hoppe den Angreifer der Gastgeber ungl\u00fccklich am Fu\u00df. Was folgte war die gelbe Karte und der Strafsto\u00df f\u00fcr Langenholthausen. Den f\u00e4lligen Elfmeter verwandelte Mashan Ata jedoch erst im Nachschuss (74.). Nur vier Minuten sp\u00e4ter klingelte es erneut im Kasten der G\u00e4ste. Wieder war es Mashan Ata der zum 6:0 traf (78.). In der 83. Spielminute ereignete sich dann die bitterste aller Scenen f\u00fcr den TuS 02. Mit einem langen Bein und erneuten Foulspiel stoppte der Keeper Andreas Hoppe wiederum einen Angreifer der Gastgeber. Wieder gab es Elfmeter und Gelb. Die zweite gelbe Karte hatte dann nat\u00fcrlich den Platzverweis durch die gelb-rote Karte zur Folge. Damit verpasst Keeper Andreas Hoppe leider den Auftakt bei der SG Grevenstein\/Hellefeld\/Altenhellefeld. Da der TuS Bruchhausen verletzungsbedingt keinen Ersatztorwart im Kader hatte, ging kurzer Hand Mittelfeldspieler Stephen Hoffman ins TuS-Geh\u00e4use. In bester Beachvolleyball-Manier konnte Stephen Hoffmann zur \u00dcberraschung aller, den noch ausstehenden Foulelfmeter parieren. In den letzten sieben Spielminuten musste der Torh\u00fcter Neuling nicht mehr eingreifen.<\/p>\n<p>Damit endete die Generalprobe f\u00fcr den TuS 02 denkbar ung\u00fcnstig. Nach dem Spiel sprach jedoch so mancher Zuschauer vom richtigen D\u00e4mpfer zur richtigen Zeit, zu gut war die Vorbereitung zuvor gelaufen. Nun wartet am Sonntag zum Auftakt der A-Liga Saison 2015|2016 mit Aufsteiger und B-Liga Meister ein echt harter Brocken auf die TuS-Elf.<\/p>\n<p><strong>Aufstellung:<\/strong> Hoppe &#8211; Knaup, Walter, Hakenesch, Hahne (Ballauf) &#8211; Fischer (Weber), M\u00fcller (Linke) &#8211; Winkelmann (Mikolajczak), Perez Gomes, Kurt (Hoffmann) &#8211; Schwoch<\/p>\n<p><strong>Tore:<\/strong> 1:0 (12.) Fazlija, 2:0 (24.) G\u00fcnes, 3:0 (59.) G\u00fcnes, 4:0 (64.) G\u00fcnes, 5:0 (74.) Ata, 6:0 (78.) Ata<\/p>\n<p>&nbsp;<\/p>\n","protected":false},"excerpt":{"rendered":"<p>Eine Woche vor dem Ligastart musste der TuS Bruchhausen einen deutlichen D\u00e4mpfer hinnehmen. Beim Bezirksligisten TuS Langenholthausen unterlag die TuS-Elf mit 0:6 (0:2). \u00a0Zum gebrauchten Tag passte dann noch die gelb-rote Karte f\u00fcr Torh\u00fcter Andreas Hoppe in der 83. Minute. Schiedsrichter \u00fcbersieht T\u00e4tlichkeit am TuS-Verteidiger Zur Generalprobe in Langenholthausen hatte das Trainerduo das Team im [&hellip;]<\/p>\n","protected":false},"author":6,"featured_media":8395,"comment_status":"closed","ping_status":"closed","sticky":false,"template":"","format":"standard","meta":{"footnotes":""},"categories":[8],"tags":[],"class_list":["post-8392","post","type-post","status-publish","format-standard","has-post-thumbnail","hentry","category-news","small-justify-block","has-thumb"],"yoast_head":"<!-- This site is optimized with the Yoast SEO plugin v27.2 - https:\/\/yoast.com\/product\/yoast-seo-wordpress\/ -->\n<title>V\u00f6llig verkorkste Generalprobe in Langenholthausen<\/title>\n<meta name=\"robots\" content=\"index, follow, max-snippet:-1, max-image-preview:large, max-video-preview:-1\" \/>\n<link rel=\"canonical\" href=\"https:\/\/www.tus-bruchhausen.de\/Fussball\/voellig-verkorste-generalprobe-in-langenholthausen\/\" \/>\n<meta property=\"og:locale\" content=\"de_DE\" \/>\n<meta property=\"og:type\" content=\"article\" \/>\n<meta property=\"og:title\" content=\"V\u00f6llig verkorkste Generalprobe in Langenholthausen\" \/>\n<meta property=\"og:description\" content=\"Eine Woche vor dem Ligastart musste der TuS Bruchhausen einen deutlichen D\u00e4mpfer hinnehmen. Beim Bezirksligisten TuS Langenholthausen unterlag die TuS-Elf mit 0:6 (0:2). \u00a0Zum gebrauchten Tag passte dann noch die gelb-rote Karte f\u00fcr Torh\u00fcter Andreas Hoppe in der 83. Minute. Schiedsrichter \u00fcbersieht T\u00e4tlichkeit am TuS-Verteidiger Zur Generalprobe in Langenholthausen hatte das Trainerduo das Team im [&hellip;]\" \/>\n<meta property=\"og:url\" content=\"https:\/\/www.tus-bruchhausen.de\/Fussball\/voellig-verkorste-generalprobe-in-langenholthausen\/\" \/>\n<meta property=\"og:site_name\" content=\"TuS Bruchhausen\" \/>\n<meta property=\"article:publisher\" content=\"https:\/\/www.facebook.com\/TuS02\/\" \/>\n<meta property=\"article:published_time\" content=\"2015-08-09T17:46:55+00:00\" \/>\n<meta property=\"article:modified_time\" content=\"2015-08-09T19:32:00+00:00\" \/>\n<meta property=\"og:image\" content=\"https:\/\/www.tus-bruchhausen.de\/Fussball\/wp-content\/uploads\/2015\/08\/IMG_9208-e1439143116380.jpg\" \/>\n\t<meta property=\"og:image:width\" content=\"1439\" \/>\n\t<meta property=\"og:image:height\" content=\"813\" \/>\n\t<meta property=\"og:image:type\" content=\"image\/jpeg\" \/>\n<meta name=\"author\" content=\"Dominic Gabriel\" \/>\n<meta name=\"twitter:card\" content=\"summary_large_image\" \/>\n<meta name=\"twitter:label1\" content=\"Verfasst von\" \/>\n\t<meta name=\"twitter:data1\" content=\"Dominic Gabriel\" \/>\n\t<meta name=\"twitter:label2\" content=\"Gesch\u00e4tzte Lesezeit\" \/>\n\t<meta name=\"twitter:data2\" content=\"3\u00a0Minuten\" \/>\n<script type=\"application\/ld+json\" class=\"yoast-schema-graph\">{\"@context\":\"https:\/\/schema.org\",\"@graph\":[{\"@type\":\"Article\",\"@id\":\"https:\/\/www.tus-bruchhausen.de\/Fussball\/voellig-verkorste-generalprobe-in-langenholthausen\/#article\",\"isPartOf\":{\"@id\":\"https:\/\/www.tus-bruchhausen.de\/Fussball\/voellig-verkorste-generalprobe-in-langenholthausen\/\"},\"author\":{\"name\":\"Dominic Gabriel\",\"@id\":\"http:\/\/www.tus-bruchhausen.de\/Fussball\/#\/schema\/person\/53a173c5abf387371fd35fcb395bc0af\"},\"headline\":\"V\u00f6llig verkorkste Generalprobe in Langenholthausen\",\"datePublished\":\"2015-08-09T17:46:55+00:00\",\"dateModified\":\"2015-08-09T19:32:00+00:00\",\"mainEntityOfPage\":{\"@id\":\"https:\/\/www.tus-bruchhausen.de\/Fussball\/voellig-verkorste-generalprobe-in-langenholthausen\/\"},\"wordCount\":605,\"image\":{\"@id\":\"https:\/\/www.tus-bruchhausen.de\/Fussball\/voellig-verkorste-generalprobe-in-langenholthausen\/#primaryimage\"},\"thumbnailUrl\":\"https:\/\/www.tus-bruchhausen.de\/Fussball\/wp-content\/uploads\/2015\/08\/IMG_9208-e1439143116380.jpg\",\"articleSection\":[\"News\"],\"inLanguage\":\"de\"},{\"@type\":\"WebPage\",\"@id\":\"https:\/\/www.tus-bruchhausen.de\/Fussball\/voellig-verkorste-generalprobe-in-langenholthausen\/\",\"url\":\"https:\/\/www.tus-bruchhausen.de\/Fussball\/voellig-verkorste-generalprobe-in-langenholthausen\/\",\"name\":\"V\u00f6llig verkorkste Generalprobe in Langenholthausen\",\"isPartOf\":{\"@id\":\"http:\/\/www.tus-bruchhausen.de\/Fussball\/#website\"},\"primaryImageOfPage\":{\"@id\":\"https:\/\/www.tus-bruchhausen.de\/Fussball\/voellig-verkorste-generalprobe-in-langenholthausen\/#primaryimage\"},\"image\":{\"@id\":\"https:\/\/www.tus-bruchhausen.de\/Fussball\/voellig-verkorste-generalprobe-in-langenholthausen\/#primaryimage\"},\"thumbnailUrl\":\"https:\/\/www.tus-bruchhausen.de\/Fussball\/wp-content\/uploads\/2015\/08\/IMG_9208-e1439143116380.jpg\",\"datePublished\":\"2015-08-09T17:46:55+00:00\",\"dateModified\":\"2015-08-09T19:32:00+00:00\",\"author\":{\"@id\":\"http:\/\/www.tus-bruchhausen.de\/Fussball\/#\/schema\/person\/53a173c5abf387371fd35fcb395bc0af\"},\"breadcrumb\":{\"@id\":\"https:\/\/www.tus-bruchhausen.de\/Fussball\/voellig-verkorste-generalprobe-in-langenholthausen\/#breadcrumb\"},\"inLanguage\":\"de\",\"potentialAction\":[{\"@type\":\"ReadAction\",\"target\":[\"https:\/\/www.tus-bruchhausen.de\/Fussball\/voellig-verkorste-generalprobe-in-langenholthausen\/\"]}]},{\"@type\":\"ImageObject\",\"inLanguage\":\"de\",\"@id\":\"https:\/\/www.tus-bruchhausen.de\/Fussball\/voellig-verkorste-generalprobe-in-langenholthausen\/#primaryimage\",\"url\":\"https:\/\/www.tus-bruchhausen.de\/Fussball\/wp-content\/uploads\/2015\/08\/IMG_9208-e1439143116380.jpg\",\"contentUrl\":\"https:\/\/www.tus-bruchhausen.de\/Fussball\/wp-content\/uploads\/2015\/08\/IMG_9208-e1439143116380.jpg\",\"width\":1439,\"height\":813},{\"@type\":\"BreadcrumbList\",\"@id\":\"https:\/\/www.tus-bruchhausen.de\/Fussball\/voellig-verkorste-generalprobe-in-langenholthausen\/#breadcrumb\",\"itemListElement\":[{\"@type\":\"ListItem\",\"position\":1,\"name\":\"Startseite\",\"item\":\"https:\/\/www.tus-bruchhausen.de\/Fussball\/\"},{\"@type\":\"ListItem\",\"position\":2,\"name\":\"V\u00f6llig verkorkste Generalprobe in Langenholthausen\"}]},{\"@type\":\"WebSite\",\"@id\":\"http:\/\/www.tus-bruchhausen.de\/Fussball\/#website\",\"url\":\"http:\/\/www.tus-bruchhausen.de\/Fussball\/\",\"name\":\"TuS Bruchhausen\",\"description\":\"Fu\u00dfball\",\"potentialAction\":[{\"@type\":\"SearchAction\",\"target\":{\"@type\":\"EntryPoint\",\"urlTemplate\":\"http:\/\/www.tus-bruchhausen.de\/Fussball\/?s={search_term_string}\"},\"query-input\":{\"@type\":\"PropertyValueSpecification\",\"valueRequired\":true,\"valueName\":\"search_term_string\"}}],\"inLanguage\":\"de\"},{\"@type\":\"Person\",\"@id\":\"http:\/\/www.tus-bruchhausen.de\/Fussball\/#\/schema\/person\/53a173c5abf387371fd35fcb395bc0af\",\"name\":\"Dominic Gabriel\",\"image\":{\"@type\":\"ImageObject\",\"inLanguage\":\"de\",\"@id\":\"https:\/\/secure.gravatar.com\/avatar\/750762ec91b9970d725a622f9a107d8412b787d34f1fd38dd08605665102440c?s=96&d=mm&r=g\",\"url\":\"https:\/\/secure.gravatar.com\/avatar\/750762ec91b9970d725a622f9a107d8412b787d34f1fd38dd08605665102440c?s=96&d=mm&r=g\",\"contentUrl\":\"https:\/\/secure.gravatar.com\/avatar\/750762ec91b9970d725a622f9a107d8412b787d34f1fd38dd08605665102440c?s=96&d=mm&r=g\",\"caption\":\"Dominic Gabriel\"}}]}<\/script>\n<!-- \/ Yoast SEO plugin. -->","yoast_head_json":{"title":"V\u00f6llig verkorkste Generalprobe in Langenholthausen","robots":{"index":"index","follow":"follow","max-snippet":"max-snippet:-1","max-image-preview":"max-image-preview:large","max-video-preview":"max-video-preview:-1"},"canonical":"https:\/\/www.tus-bruchhausen.de\/Fussball\/voellig-verkorste-generalprobe-in-langenholthausen\/","og_locale":"de_DE","og_type":"article","og_title":"V\u00f6llig verkorkste Generalprobe in Langenholthausen","og_description":"Eine Woche vor dem Ligastart musste der TuS Bruchhausen einen deutlichen D\u00e4mpfer hinnehmen. Beim Bezirksligisten TuS Langenholthausen unterlag die TuS-Elf mit 0:6 (0:2). \u00a0Zum gebrauchten Tag passte dann noch die gelb-rote Karte f\u00fcr Torh\u00fcter Andreas Hoppe in der 83. Minute. Schiedsrichter \u00fcbersieht T\u00e4tlichkeit am TuS-Verteidiger Zur Generalprobe in Langenholthausen hatte das Trainerduo das Team im [&hellip;]","og_url":"https:\/\/www.tus-bruchhausen.de\/Fussball\/voellig-verkorste-generalprobe-in-langenholthausen\/","og_site_name":"TuS Bruchhausen","article_publisher":"https:\/\/www.facebook.com\/TuS02\/","article_published_time":"2015-08-09T17:46:55+00:00","article_modified_time":"2015-08-09T19:32:00+00:00","og_image":[{"width":1439,"height":813,"url":"https:\/\/www.tus-bruchhausen.de\/Fussball\/wp-content\/uploads\/2015\/08\/IMG_9208-e1439143116380.jpg","type":"image\/jpeg"}],"author":"Dominic Gabriel","twitter_card":"summary_large_image","twitter_misc":{"Verfasst von":"Dominic Gabriel","Gesch\u00e4tzte Lesezeit":"3\u00a0Minuten"},"schema":{"@context":"https:\/\/schema.org","@graph":[{"@type":"Article","@id":"https:\/\/www.tus-bruchhausen.de\/Fussball\/voellig-verkorste-generalprobe-in-langenholthausen\/#article","isPartOf":{"@id":"https:\/\/www.tus-bruchhausen.de\/Fussball\/voellig-verkorste-generalprobe-in-langenholthausen\/"},"author":{"name":"Dominic Gabriel","@id":"http:\/\/www.tus-bruchhausen.de\/Fussball\/#\/schema\/person\/53a173c5abf387371fd35fcb395bc0af"},"headline":"V\u00f6llig verkorkste Generalprobe in Langenholthausen","datePublished":"2015-08-09T17:46:55+00:00","dateModified":"2015-08-09T19:32:00+00:00","mainEntityOfPage":{"@id":"https:\/\/www.tus-bruchhausen.de\/Fussball\/voellig-verkorste-generalprobe-in-langenholthausen\/"},"wordCount":605,"image":{"@id":"https:\/\/www.tus-bruchhausen.de\/Fussball\/voellig-verkorste-generalprobe-in-langenholthausen\/#primaryimage"},"thumbnailUrl":"https:\/\/www.tus-bruchhausen.de\/Fussball\/wp-content\/uploads\/2015\/08\/IMG_9208-e1439143116380.jpg","articleSection":["News"],"inLanguage":"de"},{"@type":"WebPage","@id":"https:\/\/www.tus-bruchhausen.de\/Fussball\/voellig-verkorste-generalprobe-in-langenholthausen\/","url":"https:\/\/www.tus-bruchhausen.de\/Fussball\/voellig-verkorste-generalprobe-in-langenholthausen\/","name":"V\u00f6llig verkorkste Generalprobe in Langenholthausen","isPartOf":{"@id":"http:\/\/www.tus-bruchhausen.de\/Fussball\/#website"},"primaryImageOfPage":{"@id":"https:\/\/www.tus-bruchhausen.de\/Fussball\/voellig-verkorste-generalprobe-in-langenholthausen\/#primaryimage"},"image":{"@id":"https:\/\/www.tus-bruchhausen.de\/Fussball\/voellig-verkorste-generalprobe-in-langenholthausen\/#primaryimage"},"thumbnailUrl":"https:\/\/www.tus-bruchhausen.de\/Fussball\/wp-content\/uploads\/2015\/08\/IMG_9208-e1439143116380.jpg","datePublished":"2015-08-09T17:46:55+00:00","dateModified":"2015-08-09T19:32:00+00:00","author":{"@id":"http:\/\/www.tus-bruchhausen.de\/Fussball\/#\/schema\/person\/53a173c5abf387371fd35fcb395bc0af"},"breadcrumb":{"@id":"https:\/\/www.tus-bruchhausen.de\/Fussball\/voellig-verkorste-generalprobe-in-langenholthausen\/#breadcrumb"},"inLanguage":"de","potentialAction":[{"@type":"ReadAction","target":["https:\/\/www.tus-bruchhausen.de\/Fussball\/voellig-verkorste-generalprobe-in-langenholthausen\/"]}]},{"@type":"ImageObject","inLanguage":"de","@id":"https:\/\/www.tus-bruchhausen.de\/Fussball\/voellig-verkorste-generalprobe-in-langenholthausen\/#primaryimage","url":"https:\/\/www.tus-bruchhausen.de\/Fussball\/wp-content\/uploads\/2015\/08\/IMG_9208-e1439143116380.jpg","contentUrl":"https:\/\/www.tus-bruchhausen.de\/Fussball\/wp-content\/uploads\/2015\/08\/IMG_9208-e1439143116380.jpg","width":1439,"height":813},{"@type":"BreadcrumbList","@id":"https:\/\/www.tus-bruchhausen.de\/Fussball\/voellig-verkorste-generalprobe-in-langenholthausen\/#breadcrumb","itemListElement":[{"@type":"ListItem","position":1,"name":"Startseite","item":"https:\/\/www.tus-bruchhausen.de\/Fussball\/"},{"@type":"ListItem","position":2,"name":"V\u00f6llig verkorkste Generalprobe in Langenholthausen"}]},{"@type":"WebSite","@id":"http:\/\/www.tus-bruchhausen.de\/Fussball\/#website","url":"http:\/\/www.tus-bruchhausen.de\/Fussball\/","name":"TuS Bruchhausen","description":"Fu\u00dfball","potentialAction":[{"@type":"SearchAction","target":{"@type":"EntryPoint","urlTemplate":"http:\/\/www.tus-bruchhausen.de\/Fussball\/?s={search_term_string}"},"query-input":{"@type":"PropertyValueSpecification","valueRequired":true,"valueName":"search_term_string"}}],"inLanguage":"de"},{"@type":"Person","@id":"http:\/\/www.tus-bruchhausen.de\/Fussball\/#\/schema\/person\/53a173c5abf387371fd35fcb395bc0af","name":"Dominic Gabriel","image":{"@type":"ImageObject","inLanguage":"de","@id":"https:\/\/secure.gravatar.com\/avatar\/750762ec91b9970d725a622f9a107d8412b787d34f1fd38dd08605665102440c?s=96&d=mm&r=g","url":"https:\/\/secure.gravatar.com\/avatar\/750762ec91b9970d725a622f9a107d8412b787d34f1fd38dd08605665102440c?s=96&d=mm&r=g","contentUrl":"https:\/\/secure.gravatar.com\/avatar\/750762ec91b9970d725a622f9a107d8412b787d34f1fd38dd08605665102440c?s=96&d=mm&r=g","caption":"Dominic Gabriel"}}]}},"_links":{"self":[{"href":"https:\/\/www.tus-bruchhausen.de\/Fussball\/wp-json\/wp\/v2\/posts\/8392","targetHints":{"allow":["GET"]}}],"collection":[{"href":"https:\/\/www.tus-bruchhausen.de\/Fussball\/wp-json\/wp\/v2\/posts"}],"about":[{"href":"https:\/\/www.tus-bruchhausen.de\/Fussball\/wp-json\/wp\/v2\/types\/post"}],"author":[{"embeddable":true,"href":"https:\/\/www.tus-bruchhausen.de\/Fussball\/wp-json\/wp\/v2\/users\/6"}],"replies":[{"embeddable":true,"href":"https:\/\/www.tus-bruchhausen.de\/Fussball\/wp-json\/wp\/v2\/comments?post=8392"}],"version-history":[{"count":18,"href":"https:\/\/www.tus-bruchhausen.de\/Fussball\/wp-json\/wp\/v2\/posts\/8392\/revisions"}],"predecessor-version":[{"id":8412,"href":"https:\/\/www.tus-bruchhausen.de\/Fussball\/wp-json\/wp\/v2\/posts\/8392\/revisions\/8412"}],"wp:featuredmedia":[{"embeddable":true,"href":"https:\/\/www.tus-bruchhausen.de\/Fussball\/wp-json\/wp\/v2\/media\/8395"}],"wp:attachment":[{"href":"https:\/\/www.tus-bruchhausen.de\/Fussball\/wp-json\/wp\/v2\/media?parent=8392"}],"wp:term":[{"taxonomy":"category","embeddable":true,"href":"https:\/\/www.tus-bruchhausen.de\/Fussball\/wp-json\/wp\/v2\/categories?post=8392"},{"taxonomy":"post_tag","embeddable":true,"href":"https:\/\/www.tus-bruchhausen.de\/Fussball\/wp-json\/wp\/v2\/tags?post=8392"}],"curies":[{"name":"wp","href":"https:\/\/api.w.org\/{rel}","templated":true}]}}