{"id":8543,"date":"2015-08-17T15:00:57","date_gmt":"2015-08-17T13:00:57","guid":{"rendered":"http:\/\/tus-bruchhausen.de\/Fussball\/?p=8543"},"modified":"2015-08-17T09:08:47","modified_gmt":"2015-08-17T07:08:47","slug":"zweite-und-dritte-machen-9-punkte-auftakt-perfekt","status":"publish","type":"post","link":"https:\/\/www.tus-bruchhausen.de\/Fussball\/zweite-und-dritte-machen-9-punkte-auftakt-perfekt\/","title":{"rendered":"Zweite und Dritte machen 9-Punkte Auftakt perfekt"},"content":{"rendered":"<p>Die Reserveteams des TuS Bruchhausen sind erfolgreich in die neue Saison gestartet. Dabei gelang der 2. Mannschaft ein \u00dcberraschungserfolg bei der b\u00e4renstarken SG Grevenstein\/Hellefeld\/Altenhellefeld II. Die Mannschaft von Trainer Thomas D\u00fclberg gewann mit 4:3 (3:0) in Hellefeld. Ein noch besseres Ergebnis schosss die TuS-Dritte gegen den SuS Beckum II herraus. Im Heimspiel an der Hiag siegte die 3. Mannschaft deutlich mit 5:1 (3:0).<\/p>\n<h2>Rainer M\u00fcller und Sebastian Bunsen mit Doppelpack in Hellefeld<\/h2>\n<p>Die 2. Mannschaft hat das Auftaktspiel in der Kreisliga C Arnsberg gewonnen. Im Dauerregen von Hellefeld konnte Mittelfeldmotor Rainer M\u00fcller die TuS-Zweite fr\u00fch in F\u00fchrung bringen (18.). Das zweite Tor der G\u00e4ste aus Bruchhausen lie\u00df nicht lange auf sich warten, Sebastian Bunsen versenkte den Ball zum 2:0 nur wenig sp\u00e4ter (23.). Insgesamt kam die Mannschaft von Trainer Thomas D\u00fclberg deutlich besser mit dem nassen Untergrund zurecht. So proftierte erneut Rainer M\u00fcller bei seinem Freisto\u00df vom nassen Rasen, das Leder flutschte neben dem SG-Keeper inS Tor zum 3:0 (39). So ging es schlussendlich mit einem deutlichen Vorsprung in die Kabinen.<\/p>\n<p>Nach dem Seitenwechsel erh\u00f6hten die SG Grevenstein\/Hellefeld\/Altenhellefeld II den Druck deutlich. Noch in der ersten Minute der zweiten Halbzeit glang SG-Spieler Carsten G\u00fcnther der Treffer zum 1:3 (46.). Als dann Sebastian Busen mit seinem zweiten Tor an diesem Tage zum 4:1 f\u00fcr den TuS Bruchhausen II traf, schien die Partie entschieden. Doch die Gastgeber warfen nochmal alles in die Waagschale. So verk\u00fcrzte Andreas Bakenfelder auf nur noch 2:4 (67.). In den Schlussminuten musste die TuS-Zweite dann nocheinmal richtig Zittern. Neun Minuten vor dem Spielende stellte Christopher Thiele den 3:4-Anschluss her (81.). Doch mit viel Erfahrung und Geschick konnte die TuS-Zweite den Ausw\u00e4rtssieg \u00fcber die Zeit retten.<\/p>\n<p>Der Sieg bei der SG Grevenstein\/Hellefeld\/Altenhellefeld II ist ein echter &#8220;Big-Point&#8221; im Startprogramm der TuS-Reserve. Bereits am kommenden Donnerstag geht es weiter mit dem Heimspiel gegen den TuS Vosswinkel II.<\/p>\n<h2>Dritte braucht nur 7 Minuten bis zur 3:0 F\u00fchrung<\/h2>\n<p>Im ersten Saisonspiel startete die TuS Dritte mit einem Heimspiel gegen den SuS Beckum II. Die vom neuen Trainerteam Patrick Widlitzki und Andre Nolte trainierte Mannschaft spielte von Beginn an engagiert nah vorne. Ein direkter Freisto\u00df aus 26 Metern von Kapit\u00e4n Marco Sonnenberg f\u00fchrte bereits in der 4. Minute zur F\u00fchrung. Den harten und platzierten Schuss konnte der G\u00e4stekeeper nicht festhalten.<\/p>\n<p>Und die Dritte machte direkt nach dem F\u00fchrungstreffer weiter Druck und so wurde der Ball direkt wieder erobert. Arens legte stark auf Ricardo Casto der auf 9 Meter den Ball im Tor versenkte (5.). Und es ging weiter Schlag auf schlank. Bereits in der 7. Minute war es abermals Daniel Arens der sich auf Links durchspielte und in der Mitte Jan Kloppe fand. dieser staubte gekonnt ab. Das 3:0 f\u00fcr den TuS! Das Tor wurde jedoch \u00fcberschattet von einem haftigen Zusammenprall eines SuS Spielers mit seinem Torwart. Dieser musste minutenlang behandelt werden und konnte das Spiel nicht fortsetzen. Die restliche Halbzeit pl\u00e4tscherte dann vor sich hin. Viele ungenaue Abspiele im Mittelfeld verhinderten weitere gef\u00e4hrliche Aktionen auf beiden Seiten.<\/p>\n<p>Nach dem Seitenwechsel ging die Partie fahrig weiter. Nach einigen Nachl\u00e4ssigkeiten in der TuS Defensive war es schlussendlich ein Eigentor von Budnik das die G\u00e4ste in der 72. Minute auf 3:1 herankommen lie\u00df. Beide Mannschaften neutralisierten sich in der Folge. Gegen Ende schwanden den G\u00e4sten dann allerdings die Kr\u00e4fte. So kam der TuS zu mehreren guten Konterchancen. Kloppe brachte es dabei fertig das leere Tor aus 5 Metern nicht zu treffen. Der Ball kullerte zur Eckfahne. Die n\u00e4chste Aktion war dann allerdings von Erfolg gekr\u00f6nt. In der 86. Minute st\u00f6rete den Gegner fr\u00fch im Spielaufbau und so konnte Sebastian Luckei \u00fcber Links am 16er Eck in den Strafraum eindringen und schloss mit dem Au\u00dfenrist ab. Der G\u00e4stekeeper war \u00fcberrascht und lie\u00df den Ball so durch die H\u00e4nde gleiten. Eine Minute vor dem Schlusspfiff konterte die TuS-Dritte dann nochmals effektiv. Andr\u00e9 Nolte spielt in der Mitte auf den freien Sebastian Luckei der keine Probleme hat ins leere Tor einzuschieben (89.).<\/p>\n<p>Die Dritte feiert so einen erfolgreichen Auftakt und steht nach dem ersten Spielplatz auf Platz 3 der Kreisliga D. Am kommenden Sonntag reist das Team dann zum FC Neheim-Erlenbruch II.<\/p>\n","protected":false},"excerpt":{"rendered":"<p>Die Reserveteams des TuS Bruchhausen sind erfolgreich in die neue Saison gestartet. Dabei gelang der 2. Mannschaft ein \u00dcberraschungserfolg bei der b\u00e4renstarken SG Grevenstein\/Hellefeld\/Altenhellefeld II. Die Mannschaft von Trainer Thomas D\u00fclberg gewann mit 4:3 (3:0) in Hellefeld. Ein noch besseres Ergebnis schosss die TuS-Dritte gegen den SuS Beckum II herraus. Im Heimspiel an der Hiag [&hellip;]<\/p>\n","protected":false},"author":6,"featured_media":8544,"comment_status":"closed","ping_status":"closed","sticky":false,"template":"","format":"standard","meta":{"footnotes":""},"categories":[4,5,8,20],"tags":[],"class_list":["post-8543","post","type-post","status-publish","format-standard","has-post-thumbnail","hentry","category-2-mannschaft","category-3-mannschaft","category-news","category-app","small-justify-block","has-thumb"],"yoast_head":"<!-- This site is optimized with the Yoast SEO plugin v27.2 - https:\/\/yoast.com\/product\/yoast-seo-wordpress\/ -->\n<title>Zweite und Dritte machen 9-Punkte Auftakt perfekt<\/title>\n<meta name=\"robots\" content=\"index, follow, max-snippet:-1, max-image-preview:large, max-video-preview:-1\" \/>\n<link rel=\"canonical\" href=\"https:\/\/www.tus-bruchhausen.de\/Fussball\/zweite-und-dritte-machen-9-punkte-auftakt-perfekt\/\" \/>\n<meta property=\"og:locale\" content=\"de_DE\" \/>\n<meta property=\"og:type\" content=\"article\" \/>\n<meta property=\"og:title\" content=\"Zweite und Dritte machen 9-Punkte Auftakt perfekt\" \/>\n<meta property=\"og:description\" content=\"Die Reserveteams des TuS Bruchhausen sind erfolgreich in die neue Saison gestartet. Dabei gelang der 2. Mannschaft ein \u00dcberraschungserfolg bei der b\u00e4renstarken SG Grevenstein\/Hellefeld\/Altenhellefeld II. Die Mannschaft von Trainer Thomas D\u00fclberg gewann mit 4:3 (3:0) in Hellefeld. Ein noch besseres Ergebnis schosss die TuS-Dritte gegen den SuS Beckum II herraus. Im Heimspiel an der Hiag [&hellip;]\" \/>\n<meta property=\"og:url\" content=\"https:\/\/www.tus-bruchhausen.de\/Fussball\/zweite-und-dritte-machen-9-punkte-auftakt-perfekt\/\" \/>\n<meta property=\"og:site_name\" content=\"TuS Bruchhausen\" \/>\n<meta property=\"article:publisher\" content=\"https:\/\/www.facebook.com\/TuS02\/\" \/>\n<meta property=\"article:published_time\" content=\"2015-08-17T13:00:57+00:00\" \/>\n<meta property=\"og:image\" content=\"https:\/\/www.tus-bruchhausen.de\/Fussball\/wp-content\/uploads\/2015\/08\/11174643_889807511060271_2780032800702842164_o-e1439793701655.jpg\" \/>\n\t<meta property=\"og:image:width\" content=\"1439\" \/>\n\t<meta property=\"og:image:height\" content=\"946\" \/>\n\t<meta property=\"og:image:type\" content=\"image\/jpeg\" \/>\n<meta name=\"author\" content=\"Dominic Gabriel\" \/>\n<meta name=\"twitter:card\" content=\"summary_large_image\" \/>\n<meta name=\"twitter:label1\" content=\"Verfasst von\" \/>\n\t<meta name=\"twitter:data1\" content=\"Dominic Gabriel\" \/>\n\t<meta name=\"twitter:label2\" content=\"Gesch\u00e4tzte Lesezeit\" \/>\n\t<meta name=\"twitter:data2\" content=\"3\u00a0Minuten\" \/>\n<script type=\"application\/ld+json\" class=\"yoast-schema-graph\">{\"@context\":\"https:\/\/schema.org\",\"@graph\":[{\"@type\":\"Article\",\"@id\":\"https:\/\/www.tus-bruchhausen.de\/Fussball\/zweite-und-dritte-machen-9-punkte-auftakt-perfekt\/#article\",\"isPartOf\":{\"@id\":\"https:\/\/www.tus-bruchhausen.de\/Fussball\/zweite-und-dritte-machen-9-punkte-auftakt-perfekt\/\"},\"author\":{\"name\":\"Dominic Gabriel\",\"@id\":\"http:\/\/www.tus-bruchhausen.de\/Fussball\/#\/schema\/person\/53a173c5abf387371fd35fcb395bc0af\"},\"headline\":\"Zweite und Dritte machen 9-Punkte Auftakt perfekt\",\"datePublished\":\"2015-08-17T13:00:57+00:00\",\"mainEntityOfPage\":{\"@id\":\"https:\/\/www.tus-bruchhausen.de\/Fussball\/zweite-und-dritte-machen-9-punkte-auftakt-perfekt\/\"},\"wordCount\":700,\"image\":{\"@id\":\"https:\/\/www.tus-bruchhausen.de\/Fussball\/zweite-und-dritte-machen-9-punkte-auftakt-perfekt\/#primaryimage\"},\"thumbnailUrl\":\"https:\/\/www.tus-bruchhausen.de\/Fussball\/wp-content\/uploads\/2015\/08\/11174643_889807511060271_2780032800702842164_o-e1439793701655.jpg\",\"articleSection\":[\"2. Mannschaft\",\"3. Mannschaft\",\"News\",\"Z_APP\"],\"inLanguage\":\"de\"},{\"@type\":\"WebPage\",\"@id\":\"https:\/\/www.tus-bruchhausen.de\/Fussball\/zweite-und-dritte-machen-9-punkte-auftakt-perfekt\/\",\"url\":\"https:\/\/www.tus-bruchhausen.de\/Fussball\/zweite-und-dritte-machen-9-punkte-auftakt-perfekt\/\",\"name\":\"Zweite und Dritte machen 9-Punkte Auftakt perfekt\",\"isPartOf\":{\"@id\":\"http:\/\/www.tus-bruchhausen.de\/Fussball\/#website\"},\"primaryImageOfPage\":{\"@id\":\"https:\/\/www.tus-bruchhausen.de\/Fussball\/zweite-und-dritte-machen-9-punkte-auftakt-perfekt\/#primaryimage\"},\"image\":{\"@id\":\"https:\/\/www.tus-bruchhausen.de\/Fussball\/zweite-und-dritte-machen-9-punkte-auftakt-perfekt\/#primaryimage\"},\"thumbnailUrl\":\"https:\/\/www.tus-bruchhausen.de\/Fussball\/wp-content\/uploads\/2015\/08\/11174643_889807511060271_2780032800702842164_o-e1439793701655.jpg\",\"datePublished\":\"2015-08-17T13:00:57+00:00\",\"author\":{\"@id\":\"http:\/\/www.tus-bruchhausen.de\/Fussball\/#\/schema\/person\/53a173c5abf387371fd35fcb395bc0af\"},\"breadcrumb\":{\"@id\":\"https:\/\/www.tus-bruchhausen.de\/Fussball\/zweite-und-dritte-machen-9-punkte-auftakt-perfekt\/#breadcrumb\"},\"inLanguage\":\"de\",\"potentialAction\":[{\"@type\":\"ReadAction\",\"target\":[\"https:\/\/www.tus-bruchhausen.de\/Fussball\/zweite-und-dritte-machen-9-punkte-auftakt-perfekt\/\"]}]},{\"@type\":\"ImageObject\",\"inLanguage\":\"de\",\"@id\":\"https:\/\/www.tus-bruchhausen.de\/Fussball\/zweite-und-dritte-machen-9-punkte-auftakt-perfekt\/#primaryimage\",\"url\":\"https:\/\/www.tus-bruchhausen.de\/Fussball\/wp-content\/uploads\/2015\/08\/11174643_889807511060271_2780032800702842164_o-e1439793701655.jpg\",\"contentUrl\":\"https:\/\/www.tus-bruchhausen.de\/Fussball\/wp-content\/uploads\/2015\/08\/11174643_889807511060271_2780032800702842164_o-e1439793701655.jpg\",\"width\":1439,\"height\":946},{\"@type\":\"BreadcrumbList\",\"@id\":\"https:\/\/www.tus-bruchhausen.de\/Fussball\/zweite-und-dritte-machen-9-punkte-auftakt-perfekt\/#breadcrumb\",\"itemListElement\":[{\"@type\":\"ListItem\",\"position\":1,\"name\":\"Startseite\",\"item\":\"https:\/\/www.tus-bruchhausen.de\/Fussball\/\"},{\"@type\":\"ListItem\",\"position\":2,\"name\":\"Zweite und Dritte machen 9-Punkte Auftakt perfekt\"}]},{\"@type\":\"WebSite\",\"@id\":\"http:\/\/www.tus-bruchhausen.de\/Fussball\/#website\",\"url\":\"http:\/\/www.tus-bruchhausen.de\/Fussball\/\",\"name\":\"TuS Bruchhausen\",\"description\":\"Fu\u00dfball\",\"potentialAction\":[{\"@type\":\"SearchAction\",\"target\":{\"@type\":\"EntryPoint\",\"urlTemplate\":\"http:\/\/www.tus-bruchhausen.de\/Fussball\/?s={search_term_string}\"},\"query-input\":{\"@type\":\"PropertyValueSpecification\",\"valueRequired\":true,\"valueName\":\"search_term_string\"}}],\"inLanguage\":\"de\"},{\"@type\":\"Person\",\"@id\":\"http:\/\/www.tus-bruchhausen.de\/Fussball\/#\/schema\/person\/53a173c5abf387371fd35fcb395bc0af\",\"name\":\"Dominic Gabriel\",\"image\":{\"@type\":\"ImageObject\",\"inLanguage\":\"de\",\"@id\":\"https:\/\/secure.gravatar.com\/avatar\/750762ec91b9970d725a622f9a107d8412b787d34f1fd38dd08605665102440c?s=96&d=mm&r=g\",\"url\":\"https:\/\/secure.gravatar.com\/avatar\/750762ec91b9970d725a622f9a107d8412b787d34f1fd38dd08605665102440c?s=96&d=mm&r=g\",\"contentUrl\":\"https:\/\/secure.gravatar.com\/avatar\/750762ec91b9970d725a622f9a107d8412b787d34f1fd38dd08605665102440c?s=96&d=mm&r=g\",\"caption\":\"Dominic Gabriel\"}}]}<\/script>\n<!-- \/ Yoast SEO plugin. -->","yoast_head_json":{"title":"Zweite und Dritte machen 9-Punkte Auftakt perfekt","robots":{"index":"index","follow":"follow","max-snippet":"max-snippet:-1","max-image-preview":"max-image-preview:large","max-video-preview":"max-video-preview:-1"},"canonical":"https:\/\/www.tus-bruchhausen.de\/Fussball\/zweite-und-dritte-machen-9-punkte-auftakt-perfekt\/","og_locale":"de_DE","og_type":"article","og_title":"Zweite und Dritte machen 9-Punkte Auftakt perfekt","og_description":"Die Reserveteams des TuS Bruchhausen sind erfolgreich in die neue Saison gestartet. Dabei gelang der 2. Mannschaft ein \u00dcberraschungserfolg bei der b\u00e4renstarken SG Grevenstein\/Hellefeld\/Altenhellefeld II. Die Mannschaft von Trainer Thomas D\u00fclberg gewann mit 4:3 (3:0) in Hellefeld. Ein noch besseres Ergebnis schosss die TuS-Dritte gegen den SuS Beckum II herraus. Im Heimspiel an der Hiag [&hellip;]","og_url":"https:\/\/www.tus-bruchhausen.de\/Fussball\/zweite-und-dritte-machen-9-punkte-auftakt-perfekt\/","og_site_name":"TuS Bruchhausen","article_publisher":"https:\/\/www.facebook.com\/TuS02\/","article_published_time":"2015-08-17T13:00:57+00:00","og_image":[{"width":1439,"height":946,"url":"https:\/\/www.tus-bruchhausen.de\/Fussball\/wp-content\/uploads\/2015\/08\/11174643_889807511060271_2780032800702842164_o-e1439793701655.jpg","type":"image\/jpeg"}],"author":"Dominic Gabriel","twitter_card":"summary_large_image","twitter_misc":{"Verfasst von":"Dominic Gabriel","Gesch\u00e4tzte Lesezeit":"3\u00a0Minuten"},"schema":{"@context":"https:\/\/schema.org","@graph":[{"@type":"Article","@id":"https:\/\/www.tus-bruchhausen.de\/Fussball\/zweite-und-dritte-machen-9-punkte-auftakt-perfekt\/#article","isPartOf":{"@id":"https:\/\/www.tus-bruchhausen.de\/Fussball\/zweite-und-dritte-machen-9-punkte-auftakt-perfekt\/"},"author":{"name":"Dominic Gabriel","@id":"http:\/\/www.tus-bruchhausen.de\/Fussball\/#\/schema\/person\/53a173c5abf387371fd35fcb395bc0af"},"headline":"Zweite und Dritte machen 9-Punkte Auftakt perfekt","datePublished":"2015-08-17T13:00:57+00:00","mainEntityOfPage":{"@id":"https:\/\/www.tus-bruchhausen.de\/Fussball\/zweite-und-dritte-machen-9-punkte-auftakt-perfekt\/"},"wordCount":700,"image":{"@id":"https:\/\/www.tus-bruchhausen.de\/Fussball\/zweite-und-dritte-machen-9-punkte-auftakt-perfekt\/#primaryimage"},"thumbnailUrl":"https:\/\/www.tus-bruchhausen.de\/Fussball\/wp-content\/uploads\/2015\/08\/11174643_889807511060271_2780032800702842164_o-e1439793701655.jpg","articleSection":["2. Mannschaft","3. Mannschaft","News","Z_APP"],"inLanguage":"de"},{"@type":"WebPage","@id":"https:\/\/www.tus-bruchhausen.de\/Fussball\/zweite-und-dritte-machen-9-punkte-auftakt-perfekt\/","url":"https:\/\/www.tus-bruchhausen.de\/Fussball\/zweite-und-dritte-machen-9-punkte-auftakt-perfekt\/","name":"Zweite und Dritte machen 9-Punkte Auftakt perfekt","isPartOf":{"@id":"http:\/\/www.tus-bruchhausen.de\/Fussball\/#website"},"primaryImageOfPage":{"@id":"https:\/\/www.tus-bruchhausen.de\/Fussball\/zweite-und-dritte-machen-9-punkte-auftakt-perfekt\/#primaryimage"},"image":{"@id":"https:\/\/www.tus-bruchhausen.de\/Fussball\/zweite-und-dritte-machen-9-punkte-auftakt-perfekt\/#primaryimage"},"thumbnailUrl":"https:\/\/www.tus-bruchhausen.de\/Fussball\/wp-content\/uploads\/2015\/08\/11174643_889807511060271_2780032800702842164_o-e1439793701655.jpg","datePublished":"2015-08-17T13:00:57+00:00","author":{"@id":"http:\/\/www.tus-bruchhausen.de\/Fussball\/#\/schema\/person\/53a173c5abf387371fd35fcb395bc0af"},"breadcrumb":{"@id":"https:\/\/www.tus-bruchhausen.de\/Fussball\/zweite-und-dritte-machen-9-punkte-auftakt-perfekt\/#breadcrumb"},"inLanguage":"de","potentialAction":[{"@type":"ReadAction","target":["https:\/\/www.tus-bruchhausen.de\/Fussball\/zweite-und-dritte-machen-9-punkte-auftakt-perfekt\/"]}]},{"@type":"ImageObject","inLanguage":"de","@id":"https:\/\/www.tus-bruchhausen.de\/Fussball\/zweite-und-dritte-machen-9-punkte-auftakt-perfekt\/#primaryimage","url":"https:\/\/www.tus-bruchhausen.de\/Fussball\/wp-content\/uploads\/2015\/08\/11174643_889807511060271_2780032800702842164_o-e1439793701655.jpg","contentUrl":"https:\/\/www.tus-bruchhausen.de\/Fussball\/wp-content\/uploads\/2015\/08\/11174643_889807511060271_2780032800702842164_o-e1439793701655.jpg","width":1439,"height":946},{"@type":"BreadcrumbList","@id":"https:\/\/www.tus-bruchhausen.de\/Fussball\/zweite-und-dritte-machen-9-punkte-auftakt-perfekt\/#breadcrumb","itemListElement":[{"@type":"ListItem","position":1,"name":"Startseite","item":"https:\/\/www.tus-bruchhausen.de\/Fussball\/"},{"@type":"ListItem","position":2,"name":"Zweite und Dritte machen 9-Punkte Auftakt perfekt"}]},{"@type":"WebSite","@id":"http:\/\/www.tus-bruchhausen.de\/Fussball\/#website","url":"http:\/\/www.tus-bruchhausen.de\/Fussball\/","name":"TuS Bruchhausen","description":"Fu\u00dfball","potentialAction":[{"@type":"SearchAction","target":{"@type":"EntryPoint","urlTemplate":"http:\/\/www.tus-bruchhausen.de\/Fussball\/?s={search_term_string}"},"query-input":{"@type":"PropertyValueSpecification","valueRequired":true,"valueName":"search_term_string"}}],"inLanguage":"de"},{"@type":"Person","@id":"http:\/\/www.tus-bruchhausen.de\/Fussball\/#\/schema\/person\/53a173c5abf387371fd35fcb395bc0af","name":"Dominic Gabriel","image":{"@type":"ImageObject","inLanguage":"de","@id":"https:\/\/secure.gravatar.com\/avatar\/750762ec91b9970d725a622f9a107d8412b787d34f1fd38dd08605665102440c?s=96&d=mm&r=g","url":"https:\/\/secure.gravatar.com\/avatar\/750762ec91b9970d725a622f9a107d8412b787d34f1fd38dd08605665102440c?s=96&d=mm&r=g","contentUrl":"https:\/\/secure.gravatar.com\/avatar\/750762ec91b9970d725a622f9a107d8412b787d34f1fd38dd08605665102440c?s=96&d=mm&r=g","caption":"Dominic Gabriel"}}]}},"_links":{"self":[{"href":"https:\/\/www.tus-bruchhausen.de\/Fussball\/wp-json\/wp\/v2\/posts\/8543","targetHints":{"allow":["GET"]}}],"collection":[{"href":"https:\/\/www.tus-bruchhausen.de\/Fussball\/wp-json\/wp\/v2\/posts"}],"about":[{"href":"https:\/\/www.tus-bruchhausen.de\/Fussball\/wp-json\/wp\/v2\/types\/post"}],"author":[{"embeddable":true,"href":"https:\/\/www.tus-bruchhausen.de\/Fussball\/wp-json\/wp\/v2\/users\/6"}],"replies":[{"embeddable":true,"href":"https:\/\/www.tus-bruchhausen.de\/Fussball\/wp-json\/wp\/v2\/comments?post=8543"}],"version-history":[{"count":3,"href":"https:\/\/www.tus-bruchhausen.de\/Fussball\/wp-json\/wp\/v2\/posts\/8543\/revisions"}],"predecessor-version":[{"id":8547,"href":"https:\/\/www.tus-bruchhausen.de\/Fussball\/wp-json\/wp\/v2\/posts\/8543\/revisions\/8547"}],"wp:featuredmedia":[{"embeddable":true,"href":"https:\/\/www.tus-bruchhausen.de\/Fussball\/wp-json\/wp\/v2\/media\/8544"}],"wp:attachment":[{"href":"https:\/\/www.tus-bruchhausen.de\/Fussball\/wp-json\/wp\/v2\/media?parent=8543"}],"wp:term":[{"taxonomy":"category","embeddable":true,"href":"https:\/\/www.tus-bruchhausen.de\/Fussball\/wp-json\/wp\/v2\/categories?post=8543"},{"taxonomy":"post_tag","embeddable":true,"href":"https:\/\/www.tus-bruchhausen.de\/Fussball\/wp-json\/wp\/v2\/tags?post=8543"}],"curies":[{"name":"wp","href":"https:\/\/api.w.org\/{rel}","templated":true}]}}