{"id":8550,"date":"2015-08-18T08:55:30","date_gmt":"2015-08-18T06:55:30","guid":{"rendered":"http:\/\/tus-bruchhausen.de\/Fussball\/?p=8550"},"modified":"2015-08-19T23:23:18","modified_gmt":"2015-08-19T21:23:18","slug":"pokalkracher-gegen-den-sv-bachumbergheim-vor-der-brust","status":"publish","type":"post","link":"https:\/\/www.tus-bruchhausen.de\/Fussball\/pokalkracher-gegen-den-sv-bachumbergheim-vor-der-brust\/","title":{"rendered":"Pokalkracher gegen den SV Bachum\/Bergheim vor der Brust"},"content":{"rendered":"<p>Nach dem Saisonstart steht am Mittwoch, den 19. August das erste Spiel im Kombacher Kreispokal f\u00fcr den TuS Bruchhausen an. Bei der Auslosung zur diesj\u00e4hrigen Pokalrunde hatte die Mannschaft von der Hiag alles andere als Gl\u00fcck, denn nur zehn von 37 Mannschaften m\u00fcssen in der Vorrunde \u00fcberhaupt ran. Zudem wurde dem TuS-Team mit dem SV Bachum\/Bergheim ein spielstarker Ligakonkurrent zugelost. Ansto\u00df der Partie ist um 19:30 Uhr im heimischen Sportpark An der Hiag.<\/p>\n<h2>Quebbemann fordert richtige Einstellung f\u00fcrs Pokal-Derby<\/h2>\n<figure id=\"attachment_8555\" aria-describedby=\"caption-attachment-8555\" style=\"width: 200px\" class=\"wp-caption alignright\"><a href=\"http:\/\/tus-bruchhausen.de\/Fussball\/wp-content\/uploads\/2015\/08\/11080660_876589342382088_7739276453988177201_o1.jpg\" rel=\"lightbox[8550]\"><img loading=\"lazy\" decoding=\"async\" class=\"size-medium wp-image-8555\" src=\"http:\/\/tus-bruchhausen.de\/Fussball\/wp-content\/uploads\/2015\/08\/11080660_876589342382088_7739276453988177201_o1-200x133.jpg\" alt=\"Bruchhausen gewann beim letzten Aufeinandertreffen mit 4:0.\" width=\"200\" height=\"133\" srcset=\"https:\/\/www.tus-bruchhausen.de\/Fussball\/wp-content\/uploads\/2015\/08\/11080660_876589342382088_7739276453988177201_o1-200x133.jpg 200w, https:\/\/www.tus-bruchhausen.de\/Fussball\/wp-content\/uploads\/2015\/08\/11080660_876589342382088_7739276453988177201_o1-565x376.jpg 565w, https:\/\/www.tus-bruchhausen.de\/Fussball\/wp-content\/uploads\/2015\/08\/11080660_876589342382088_7739276453988177201_o1-95x64.jpg 95w, https:\/\/www.tus-bruchhausen.de\/Fussball\/wp-content\/uploads\/2015\/08\/11080660_876589342382088_7739276453988177201_o1-900x599.jpg 900w, https:\/\/www.tus-bruchhausen.de\/Fussball\/wp-content\/uploads\/2015\/08\/11080660_876589342382088_7739276453988177201_o1.jpg 1440w\" sizes=\"auto, (max-width: 200px) 100vw, 200px\" \/><\/a><figcaption id=\"caption-attachment-8555\" class=\"wp-caption-text\">Bruchhausen gewann beim letzten Aufeinandertreffen mit 4:0.<\/figcaption><\/figure>\n<p>Im Kreispokal hatte der TuS Bruchhausen zuletzt wenig Gl\u00fcck. Zwei Mal in Folge schied die TuS-Elf in der 1. Hauptrunde aus. Im letzten Jahr unterlag man dem sp\u00e4teren A-Liga-Aufsteiger SG Grevenstein\/Hellefeld\/Altenhellefeld mit 2:3 (1:1) nach Verl\u00e4ngerung. Das beste Ergebnis\u00a0in\u00a0der j\u00fcngeren Vergangenheit war das erreichen des Viertelfinales im Jahr 2010. Damals schied die TuS-Elf in der Runde der letzten acht mit 0:4 gegen den Landesligisten SC Neheim aus.<\/p>\n<p>Mit dem SV Bachum\/Bergheim kommt am Mittwoch ein spielstarker A-Ligist in den Sportpark An der Hiag. Den Liga-Start hatte die Mannschaft aus Bachum beim TuS Vo\u00dfwinkel souver\u00e4n mit 2:0 gemeistert. Auch in der letzten Saison spielten die G\u00e4ste eine b\u00e4renstarke Hinrunde, konnten dann allerdings unerkl\u00e4rlicher Weise die Form nicht halten. Im Hinspiel dominierte der SV Bachum\/Bergheim den TuS 02 und gewann verdient mit 4:1 auf dem Kunstrasen in Bachum. Im R\u00fcckspiel an der Hiag konnte sich die Mannschaft von Trainer Freddy Quebbemann dann jedoch mit einem 4:0-Heimsieg revanchieren. Im anstehenden Pokalduell erwartet der TuS Trainer einen echten Brocken: &#8220;Ich habe das Spiel in Vosswinkel gesehen und kann sagen, dass uns ein richtig guter Gegner mit einer jungen Mannschaft\u00a0gegen\u00fcber steht.&#8221;\u00a0 Zudem f\u00fcgt Quebbemann hinzu: &#8220;Mit nur 60 oder 70 % kommen wir nicht in die 2. Runde, das steht fest. Die Mannschaft mit der richtigen Einstellung wird das Spiel gewinnen.&#8221;<\/p>\n<h2>TuS will ohne Sieben in die zweite Runde<\/h2>\n<figure id=\"attachment_8554\" aria-describedby=\"caption-attachment-8554\" style=\"width: 200px\" class=\"wp-caption alignright\"><a href=\"http:\/\/tus-bruchhausen.de\/Fussball\/wp-content\/uploads\/2015\/08\/11080323_876589405715415_3502677086018441308_o1.jpg\" rel=\"lightbox[8550]\"><img loading=\"lazy\" decoding=\"async\" class=\"size-medium wp-image-8554\" src=\"http:\/\/tus-bruchhausen.de\/Fussball\/wp-content\/uploads\/2015\/08\/11080323_876589405715415_3502677086018441308_o1-200x133.jpg\" alt=\"Phil R\u00f6ttger, hier noch im TuS-Trikot, kehrt f\u00fcr ein Spiel zur\u00fcck an die Hiag.\" width=\"200\" height=\"133\" srcset=\"https:\/\/www.tus-bruchhausen.de\/Fussball\/wp-content\/uploads\/2015\/08\/11080323_876589405715415_3502677086018441308_o1-200x133.jpg 200w, https:\/\/www.tus-bruchhausen.de\/Fussball\/wp-content\/uploads\/2015\/08\/11080323_876589405715415_3502677086018441308_o1-563x376.jpg 563w, https:\/\/www.tus-bruchhausen.de\/Fussball\/wp-content\/uploads\/2015\/08\/11080323_876589405715415_3502677086018441308_o1-95x64.jpg 95w, https:\/\/www.tus-bruchhausen.de\/Fussball\/wp-content\/uploads\/2015\/08\/11080323_876589405715415_3502677086018441308_o1-900x601.jpg 900w, https:\/\/www.tus-bruchhausen.de\/Fussball\/wp-content\/uploads\/2015\/08\/11080323_876589405715415_3502677086018441308_o1.jpg 1440w\" sizes=\"auto, (max-width: 200px) 100vw, 200px\" \/><\/a><figcaption id=\"caption-attachment-8554\" class=\"wp-caption-text\">Phil R\u00f6ttger, hier noch im TuS-Trikot, kehrt f\u00fcr ein Spiel zur\u00fcck an die Hiag.<\/figcaption><\/figure>\n<p>Im Pokalderby gibt es das Wiedersehen mit Ex-TuS-St\u00fcrmer Phil R\u00f6ttger. Der ehemalige TuS-Angreifer schn\u00fcrte die vergangenen zwei Jahre die Schuhe beim TuS Bruchhausen und wechselte in diesem Sommer zum SV Bachum\/Bergheim. Ob Phil R\u00f6ttger jedoch in der Startelf des Liga-Konkurrenten steht ist fraglich, wegen einer schweren Handverletzung verpasste er gr\u00f6\u00dftenteils die Vorbereitung, wurde jedoch beim Ligastart eingewechselt.<\/p>\n<p>F\u00fcr das Pokalspiel stehen dem TuS Bruchhausen nicht alle Spieler zur Verf\u00fcgung.\u00a0 Torh\u00fcter Andreas Hoppe hat zwar seine Matchstrafe verb\u00fc\u00dft, fehlt jedoch privat verhindert. &#8220;Au\u00dferdem haben sich Kevin Norek und Marvin Weber in Hellefeld leider verletzt&#8221;, bilanziert Freddy Quebbemann.\u00a0 Mehmet Kurt, Fabian Nagel, Niklas Messler, Kai Oberreuther fehlen wie bereits zum Ligastart am vergangen Sonntag.<\/p>\n<p>Der Sieger der Partie trifft in der 1. Hauptrunde am Mittwoch, 02. September 2015 ausw\u00e4rts auf T\u00fcrkiyemspor Neheim-H\u00fcsten. Das Pokalspiel gegen den SV Bachum\/Bergheim wird von Bezirksliga-Schiedsrichter Daniel Dembinski geleitet.<\/p>\n<p>&nbsp;<\/p>\n","protected":false},"excerpt":{"rendered":"<p>Nach dem Saisonstart steht am Mittwoch, den 19. August das erste Spiel im Kombacher Kreispokal f\u00fcr den TuS Bruchhausen an. Bei der Auslosung zur diesj\u00e4hrigen Pokalrunde hatte die Mannschaft von der Hiag alles andere als Gl\u00fcck, denn nur zehn von 37 Mannschaften m\u00fcssen in der Vorrunde \u00fcberhaupt ran. Zudem wurde dem TuS-Team mit dem SV [&hellip;]<\/p>\n","protected":false},"author":6,"featured_media":8557,"comment_status":"closed","ping_status":"closed","sticky":false,"template":"","format":"standard","meta":{"footnotes":""},"categories":[18],"tags":[],"class_list":["post-8550","post","type-post","status-publish","format-standard","has-post-thumbnail","hentry","category-spielankuendigung","small-justify-block","has-thumb"],"yoast_head":"<!-- This site is optimized with the Yoast SEO plugin v27.2 - https:\/\/yoast.com\/product\/yoast-seo-wordpress\/ -->\n<title>Pokalkracher gegen den SV Bachum\/Bergheim vor der Brust<\/title>\n<meta name=\"robots\" content=\"index, follow, max-snippet:-1, max-image-preview:large, max-video-preview:-1\" \/>\n<link rel=\"canonical\" href=\"http:\/\/www.tus-bruchhausen.de\/Fussball\/pokalkracher-gegen-den-sv-bachumbergheim-vor-der-brust\/\" \/>\n<meta property=\"og:locale\" content=\"de_DE\" \/>\n<meta property=\"og:type\" content=\"article\" \/>\n<meta property=\"og:title\" content=\"Pokalkracher gegen den SV Bachum\/Bergheim vor der Brust\" \/>\n<meta property=\"og:description\" content=\"Nach dem Saisonstart steht am Mittwoch, den 19. August das erste Spiel im Kombacher Kreispokal f\u00fcr den TuS Bruchhausen an. Bei der Auslosung zur diesj\u00e4hrigen Pokalrunde hatte die Mannschaft von der Hiag alles andere als Gl\u00fcck, denn nur zehn von 37 Mannschaften m\u00fcssen in der Vorrunde \u00fcberhaupt ran. Zudem wurde dem TuS-Team mit dem SV [&hellip;]\" \/>\n<meta property=\"og:url\" content=\"http:\/\/www.tus-bruchhausen.de\/Fussball\/pokalkracher-gegen-den-sv-bachumbergheim-vor-der-brust\/\" \/>\n<meta property=\"og:site_name\" content=\"TuS Bruchhausen\" \/>\n<meta property=\"article:publisher\" content=\"https:\/\/www.facebook.com\/TuS02\/\" \/>\n<meta property=\"article:published_time\" content=\"2015-08-18T06:55:30+00:00\" \/>\n<meta property=\"article:modified_time\" content=\"2015-08-19T21:23:18+00:00\" \/>\n<meta property=\"og:image\" content=\"http:\/\/www.tus-bruchhausen.de\/Fussball\/wp-content\/uploads\/2015\/08\/11070958_876589925715363_8572572282352081212_o-e1439816642305.jpg\" \/>\n\t<meta property=\"og:image:width\" content=\"1439\" \/>\n\t<meta property=\"og:image:height\" content=\"740\" \/>\n\t<meta property=\"og:image:type\" content=\"image\/jpeg\" \/>\n<meta name=\"author\" content=\"Dominic Gabriel\" \/>\n<meta name=\"twitter:card\" content=\"summary_large_image\" \/>\n<meta name=\"twitter:label1\" content=\"Verfasst von\" \/>\n\t<meta name=\"twitter:data1\" content=\"Dominic Gabriel\" \/>\n\t<meta name=\"twitter:label2\" content=\"Gesch\u00e4tzte Lesezeit\" \/>\n\t<meta name=\"twitter:data2\" content=\"3\u00a0Minuten\" \/>\n<script type=\"application\/ld+json\" class=\"yoast-schema-graph\">{\"@context\":\"https:\/\/schema.org\",\"@graph\":[{\"@type\":\"Article\",\"@id\":\"http:\/\/www.tus-bruchhausen.de\/Fussball\/pokalkracher-gegen-den-sv-bachumbergheim-vor-der-brust\/#article\",\"isPartOf\":{\"@id\":\"http:\/\/www.tus-bruchhausen.de\/Fussball\/pokalkracher-gegen-den-sv-bachumbergheim-vor-der-brust\/\"},\"author\":{\"name\":\"Dominic Gabriel\",\"@id\":\"http:\/\/www.tus-bruchhausen.de\/Fussball\/#\/schema\/person\/53a173c5abf387371fd35fcb395bc0af\"},\"headline\":\"Pokalkracher gegen den SV Bachum\/Bergheim vor der Brust\",\"datePublished\":\"2015-08-18T06:55:30+00:00\",\"dateModified\":\"2015-08-19T21:23:18+00:00\",\"mainEntityOfPage\":{\"@id\":\"http:\/\/www.tus-bruchhausen.de\/Fussball\/pokalkracher-gegen-den-sv-bachumbergheim-vor-der-brust\/\"},\"wordCount\":514,\"image\":{\"@id\":\"http:\/\/www.tus-bruchhausen.de\/Fussball\/pokalkracher-gegen-den-sv-bachumbergheim-vor-der-brust\/#primaryimage\"},\"thumbnailUrl\":\"https:\/\/www.tus-bruchhausen.de\/Fussball\/wp-content\/uploads\/2015\/08\/11070958_876589925715363_8572572282352081212_o-e1439816642305.jpg\",\"articleSection\":[\"Spielank\u00fcndigung\"],\"inLanguage\":\"de\"},{\"@type\":\"WebPage\",\"@id\":\"http:\/\/www.tus-bruchhausen.de\/Fussball\/pokalkracher-gegen-den-sv-bachumbergheim-vor-der-brust\/\",\"url\":\"http:\/\/www.tus-bruchhausen.de\/Fussball\/pokalkracher-gegen-den-sv-bachumbergheim-vor-der-brust\/\",\"name\":\"Pokalkracher gegen den SV Bachum\/Bergheim vor der Brust\",\"isPartOf\":{\"@id\":\"http:\/\/www.tus-bruchhausen.de\/Fussball\/#website\"},\"primaryImageOfPage\":{\"@id\":\"http:\/\/www.tus-bruchhausen.de\/Fussball\/pokalkracher-gegen-den-sv-bachumbergheim-vor-der-brust\/#primaryimage\"},\"image\":{\"@id\":\"http:\/\/www.tus-bruchhausen.de\/Fussball\/pokalkracher-gegen-den-sv-bachumbergheim-vor-der-brust\/#primaryimage\"},\"thumbnailUrl\":\"https:\/\/www.tus-bruchhausen.de\/Fussball\/wp-content\/uploads\/2015\/08\/11070958_876589925715363_8572572282352081212_o-e1439816642305.jpg\",\"datePublished\":\"2015-08-18T06:55:30+00:00\",\"dateModified\":\"2015-08-19T21:23:18+00:00\",\"author\":{\"@id\":\"http:\/\/www.tus-bruchhausen.de\/Fussball\/#\/schema\/person\/53a173c5abf387371fd35fcb395bc0af\"},\"breadcrumb\":{\"@id\":\"http:\/\/www.tus-bruchhausen.de\/Fussball\/pokalkracher-gegen-den-sv-bachumbergheim-vor-der-brust\/#breadcrumb\"},\"inLanguage\":\"de\",\"potentialAction\":[{\"@type\":\"ReadAction\",\"target\":[\"http:\/\/www.tus-bruchhausen.de\/Fussball\/pokalkracher-gegen-den-sv-bachumbergheim-vor-der-brust\/\"]}]},{\"@type\":\"ImageObject\",\"inLanguage\":\"de\",\"@id\":\"http:\/\/www.tus-bruchhausen.de\/Fussball\/pokalkracher-gegen-den-sv-bachumbergheim-vor-der-brust\/#primaryimage\",\"url\":\"https:\/\/www.tus-bruchhausen.de\/Fussball\/wp-content\/uploads\/2015\/08\/11070958_876589925715363_8572572282352081212_o-e1439816642305.jpg\",\"contentUrl\":\"https:\/\/www.tus-bruchhausen.de\/Fussball\/wp-content\/uploads\/2015\/08\/11070958_876589925715363_8572572282352081212_o-e1439816642305.jpg\",\"width\":1439,\"height\":740},{\"@type\":\"BreadcrumbList\",\"@id\":\"http:\/\/www.tus-bruchhausen.de\/Fussball\/pokalkracher-gegen-den-sv-bachumbergheim-vor-der-brust\/#breadcrumb\",\"itemListElement\":[{\"@type\":\"ListItem\",\"position\":1,\"name\":\"Startseite\",\"item\":\"https:\/\/www.tus-bruchhausen.de\/Fussball\/\"},{\"@type\":\"ListItem\",\"position\":2,\"name\":\"Pokalkracher gegen den SV Bachum\/Bergheim vor der Brust\"}]},{\"@type\":\"WebSite\",\"@id\":\"http:\/\/www.tus-bruchhausen.de\/Fussball\/#website\",\"url\":\"http:\/\/www.tus-bruchhausen.de\/Fussball\/\",\"name\":\"TuS Bruchhausen\",\"description\":\"Fu\u00dfball\",\"potentialAction\":[{\"@type\":\"SearchAction\",\"target\":{\"@type\":\"EntryPoint\",\"urlTemplate\":\"http:\/\/www.tus-bruchhausen.de\/Fussball\/?s={search_term_string}\"},\"query-input\":{\"@type\":\"PropertyValueSpecification\",\"valueRequired\":true,\"valueName\":\"search_term_string\"}}],\"inLanguage\":\"de\"},{\"@type\":\"Person\",\"@id\":\"http:\/\/www.tus-bruchhausen.de\/Fussball\/#\/schema\/person\/53a173c5abf387371fd35fcb395bc0af\",\"name\":\"Dominic Gabriel\",\"image\":{\"@type\":\"ImageObject\",\"inLanguage\":\"de\",\"@id\":\"https:\/\/secure.gravatar.com\/avatar\/750762ec91b9970d725a622f9a107d8412b787d34f1fd38dd08605665102440c?s=96&d=mm&r=g\",\"url\":\"https:\/\/secure.gravatar.com\/avatar\/750762ec91b9970d725a622f9a107d8412b787d34f1fd38dd08605665102440c?s=96&d=mm&r=g\",\"contentUrl\":\"https:\/\/secure.gravatar.com\/avatar\/750762ec91b9970d725a622f9a107d8412b787d34f1fd38dd08605665102440c?s=96&d=mm&r=g\",\"caption\":\"Dominic Gabriel\"}}]}<\/script>\n<!-- \/ Yoast SEO plugin. -->","yoast_head_json":{"title":"Pokalkracher gegen den SV Bachum\/Bergheim vor der Brust","robots":{"index":"index","follow":"follow","max-snippet":"max-snippet:-1","max-image-preview":"max-image-preview:large","max-video-preview":"max-video-preview:-1"},"canonical":"http:\/\/www.tus-bruchhausen.de\/Fussball\/pokalkracher-gegen-den-sv-bachumbergheim-vor-der-brust\/","og_locale":"de_DE","og_type":"article","og_title":"Pokalkracher gegen den SV Bachum\/Bergheim vor der Brust","og_description":"Nach dem Saisonstart steht am Mittwoch, den 19. August das erste Spiel im Kombacher Kreispokal f\u00fcr den TuS Bruchhausen an. Bei der Auslosung zur diesj\u00e4hrigen Pokalrunde hatte die Mannschaft von der Hiag alles andere als Gl\u00fcck, denn nur zehn von 37 Mannschaften m\u00fcssen in der Vorrunde \u00fcberhaupt ran. Zudem wurde dem TuS-Team mit dem SV [&hellip;]","og_url":"http:\/\/www.tus-bruchhausen.de\/Fussball\/pokalkracher-gegen-den-sv-bachumbergheim-vor-der-brust\/","og_site_name":"TuS Bruchhausen","article_publisher":"https:\/\/www.facebook.com\/TuS02\/","article_published_time":"2015-08-18T06:55:30+00:00","article_modified_time":"2015-08-19T21:23:18+00:00","og_image":[{"width":1439,"height":740,"url":"http:\/\/www.tus-bruchhausen.de\/Fussball\/wp-content\/uploads\/2015\/08\/11070958_876589925715363_8572572282352081212_o-e1439816642305.jpg","type":"image\/jpeg"}],"author":"Dominic Gabriel","twitter_card":"summary_large_image","twitter_misc":{"Verfasst von":"Dominic Gabriel","Gesch\u00e4tzte Lesezeit":"3\u00a0Minuten"},"schema":{"@context":"https:\/\/schema.org","@graph":[{"@type":"Article","@id":"http:\/\/www.tus-bruchhausen.de\/Fussball\/pokalkracher-gegen-den-sv-bachumbergheim-vor-der-brust\/#article","isPartOf":{"@id":"http:\/\/www.tus-bruchhausen.de\/Fussball\/pokalkracher-gegen-den-sv-bachumbergheim-vor-der-brust\/"},"author":{"name":"Dominic Gabriel","@id":"http:\/\/www.tus-bruchhausen.de\/Fussball\/#\/schema\/person\/53a173c5abf387371fd35fcb395bc0af"},"headline":"Pokalkracher gegen den SV Bachum\/Bergheim vor der Brust","datePublished":"2015-08-18T06:55:30+00:00","dateModified":"2015-08-19T21:23:18+00:00","mainEntityOfPage":{"@id":"http:\/\/www.tus-bruchhausen.de\/Fussball\/pokalkracher-gegen-den-sv-bachumbergheim-vor-der-brust\/"},"wordCount":514,"image":{"@id":"http:\/\/www.tus-bruchhausen.de\/Fussball\/pokalkracher-gegen-den-sv-bachumbergheim-vor-der-brust\/#primaryimage"},"thumbnailUrl":"https:\/\/www.tus-bruchhausen.de\/Fussball\/wp-content\/uploads\/2015\/08\/11070958_876589925715363_8572572282352081212_o-e1439816642305.jpg","articleSection":["Spielank\u00fcndigung"],"inLanguage":"de"},{"@type":"WebPage","@id":"http:\/\/www.tus-bruchhausen.de\/Fussball\/pokalkracher-gegen-den-sv-bachumbergheim-vor-der-brust\/","url":"http:\/\/www.tus-bruchhausen.de\/Fussball\/pokalkracher-gegen-den-sv-bachumbergheim-vor-der-brust\/","name":"Pokalkracher gegen den SV Bachum\/Bergheim vor der Brust","isPartOf":{"@id":"http:\/\/www.tus-bruchhausen.de\/Fussball\/#website"},"primaryImageOfPage":{"@id":"http:\/\/www.tus-bruchhausen.de\/Fussball\/pokalkracher-gegen-den-sv-bachumbergheim-vor-der-brust\/#primaryimage"},"image":{"@id":"http:\/\/www.tus-bruchhausen.de\/Fussball\/pokalkracher-gegen-den-sv-bachumbergheim-vor-der-brust\/#primaryimage"},"thumbnailUrl":"https:\/\/www.tus-bruchhausen.de\/Fussball\/wp-content\/uploads\/2015\/08\/11070958_876589925715363_8572572282352081212_o-e1439816642305.jpg","datePublished":"2015-08-18T06:55:30+00:00","dateModified":"2015-08-19T21:23:18+00:00","author":{"@id":"http:\/\/www.tus-bruchhausen.de\/Fussball\/#\/schema\/person\/53a173c5abf387371fd35fcb395bc0af"},"breadcrumb":{"@id":"http:\/\/www.tus-bruchhausen.de\/Fussball\/pokalkracher-gegen-den-sv-bachumbergheim-vor-der-brust\/#breadcrumb"},"inLanguage":"de","potentialAction":[{"@type":"ReadAction","target":["http:\/\/www.tus-bruchhausen.de\/Fussball\/pokalkracher-gegen-den-sv-bachumbergheim-vor-der-brust\/"]}]},{"@type":"ImageObject","inLanguage":"de","@id":"http:\/\/www.tus-bruchhausen.de\/Fussball\/pokalkracher-gegen-den-sv-bachumbergheim-vor-der-brust\/#primaryimage","url":"https:\/\/www.tus-bruchhausen.de\/Fussball\/wp-content\/uploads\/2015\/08\/11070958_876589925715363_8572572282352081212_o-e1439816642305.jpg","contentUrl":"https:\/\/www.tus-bruchhausen.de\/Fussball\/wp-content\/uploads\/2015\/08\/11070958_876589925715363_8572572282352081212_o-e1439816642305.jpg","width":1439,"height":740},{"@type":"BreadcrumbList","@id":"http:\/\/www.tus-bruchhausen.de\/Fussball\/pokalkracher-gegen-den-sv-bachumbergheim-vor-der-brust\/#breadcrumb","itemListElement":[{"@type":"ListItem","position":1,"name":"Startseite","item":"https:\/\/www.tus-bruchhausen.de\/Fussball\/"},{"@type":"ListItem","position":2,"name":"Pokalkracher gegen den SV Bachum\/Bergheim vor der Brust"}]},{"@type":"WebSite","@id":"http:\/\/www.tus-bruchhausen.de\/Fussball\/#website","url":"http:\/\/www.tus-bruchhausen.de\/Fussball\/","name":"TuS Bruchhausen","description":"Fu\u00dfball","potentialAction":[{"@type":"SearchAction","target":{"@type":"EntryPoint","urlTemplate":"http:\/\/www.tus-bruchhausen.de\/Fussball\/?s={search_term_string}"},"query-input":{"@type":"PropertyValueSpecification","valueRequired":true,"valueName":"search_term_string"}}],"inLanguage":"de"},{"@type":"Person","@id":"http:\/\/www.tus-bruchhausen.de\/Fussball\/#\/schema\/person\/53a173c5abf387371fd35fcb395bc0af","name":"Dominic Gabriel","image":{"@type":"ImageObject","inLanguage":"de","@id":"https:\/\/secure.gravatar.com\/avatar\/750762ec91b9970d725a622f9a107d8412b787d34f1fd38dd08605665102440c?s=96&d=mm&r=g","url":"https:\/\/secure.gravatar.com\/avatar\/750762ec91b9970d725a622f9a107d8412b787d34f1fd38dd08605665102440c?s=96&d=mm&r=g","contentUrl":"https:\/\/secure.gravatar.com\/avatar\/750762ec91b9970d725a622f9a107d8412b787d34f1fd38dd08605665102440c?s=96&d=mm&r=g","caption":"Dominic Gabriel"}}]}},"_links":{"self":[{"href":"https:\/\/www.tus-bruchhausen.de\/Fussball\/wp-json\/wp\/v2\/posts\/8550","targetHints":{"allow":["GET"]}}],"collection":[{"href":"https:\/\/www.tus-bruchhausen.de\/Fussball\/wp-json\/wp\/v2\/posts"}],"about":[{"href":"https:\/\/www.tus-bruchhausen.de\/Fussball\/wp-json\/wp\/v2\/types\/post"}],"author":[{"embeddable":true,"href":"https:\/\/www.tus-bruchhausen.de\/Fussball\/wp-json\/wp\/v2\/users\/6"}],"replies":[{"embeddable":true,"href":"https:\/\/www.tus-bruchhausen.de\/Fussball\/wp-json\/wp\/v2\/comments?post=8550"}],"version-history":[{"count":7,"href":"https:\/\/www.tus-bruchhausen.de\/Fussball\/wp-json\/wp\/v2\/posts\/8550\/revisions"}],"predecessor-version":[{"id":8562,"href":"https:\/\/www.tus-bruchhausen.de\/Fussball\/wp-json\/wp\/v2\/posts\/8550\/revisions\/8562"}],"wp:featuredmedia":[{"embeddable":true,"href":"https:\/\/www.tus-bruchhausen.de\/Fussball\/wp-json\/wp\/v2\/media\/8557"}],"wp:attachment":[{"href":"https:\/\/www.tus-bruchhausen.de\/Fussball\/wp-json\/wp\/v2\/media?parent=8550"}],"wp:term":[{"taxonomy":"category","embeddable":true,"href":"https:\/\/www.tus-bruchhausen.de\/Fussball\/wp-json\/wp\/v2\/categories?post=8550"},{"taxonomy":"post_tag","embeddable":true,"href":"https:\/\/www.tus-bruchhausen.de\/Fussball\/wp-json\/wp\/v2\/tags?post=8550"}],"curies":[{"name":"wp","href":"https:\/\/api.w.org\/{rel}","templated":true}]}}