{"id":8569,"date":"2015-08-19T23:22:43","date_gmt":"2015-08-19T21:22:43","guid":{"rendered":"http:\/\/tus-bruchhausen.de\/Fussball\/?p=8569"},"modified":"2015-08-20T14:29:20","modified_gmt":"2015-08-20T12:29:20","slug":"pokalfluch-zum-dritten-mal-in-folge-erstrunden-aus","status":"publish","type":"post","link":"https:\/\/www.tus-bruchhausen.de\/Fussball\/pokalfluch-zum-dritten-mal-in-folge-erstrunden-aus\/","title":{"rendered":"Pokalfluch: Zum dritten Mal in Folge Erstrunden-Aus"},"content":{"rendered":"<p>Im Krombacher Kreispokal ist f\u00fcr den TuS Bruchhausen schon in der Vorrunde Schluss. Im Heimspiel gegen den Ligakonkurrenten SV Bachum\/Bergheim unterlag das Team von Trainer Freddy Quebbemann mit 2:3 (1:2). Trotz deutlichem Chancen\u00fcbergewicht reichte es am Ende nicht f\u00fcr den Einzug in die n\u00e4chste Runde. Es war das dritte Pokal-Aus in der 1. Runde in Serie.<\/p>\n<h2>Fabian Fischer trifft zum zwischenzeitlichen Ausgleich<\/h2>\n<figure id=\"attachment_8628\" aria-describedby=\"caption-attachment-8628\" style=\"width: 200px\" class=\"wp-caption alignright\"><a href=\"http:\/\/tus-bruchhausen.de\/Fussball\/wp-content\/uploads\/2015\/08\/11229301_948243651883323_4850372406569614878_o.jpg\" rel=\"lightbox[8569]\"><img loading=\"lazy\" decoding=\"async\" class=\"wp-image-8628 size-medium\" src=\"http:\/\/tus-bruchhausen.de\/Fussball\/wp-content\/uploads\/2015\/08\/11229301_948243651883323_4850372406569614878_o-200x134.jpg\" alt=\"11229301_948243651883323_4850372406569614878_o\" width=\"200\" height=\"134\" srcset=\"https:\/\/www.tus-bruchhausen.de\/Fussball\/wp-content\/uploads\/2015\/08\/11229301_948243651883323_4850372406569614878_o-200x134.jpg 200w, https:\/\/www.tus-bruchhausen.de\/Fussball\/wp-content\/uploads\/2015\/08\/11229301_948243651883323_4850372406569614878_o-561x376.jpg 561w, https:\/\/www.tus-bruchhausen.de\/Fussball\/wp-content\/uploads\/2015\/08\/11229301_948243651883323_4850372406569614878_o-95x64.jpg 95w, https:\/\/www.tus-bruchhausen.de\/Fussball\/wp-content\/uploads\/2015\/08\/11229301_948243651883323_4850372406569614878_o-900x603.jpg 900w, https:\/\/www.tus-bruchhausen.de\/Fussball\/wp-content\/uploads\/2015\/08\/11229301_948243651883323_4850372406569614878_o.jpg 1440w\" sizes=\"auto, (max-width: 200px) 100vw, 200px\" \/><\/a><figcaption id=\"caption-attachment-8628\" class=\"wp-caption-text\">TuS-Nachwuchskeeper feierte im Pokal sein Pflichtspiel-Deb\u00fct in den Senioren.<\/figcaption><\/figure>\n<p>Die Schwarze Serie im Pokal h\u00e4lt an. Im Mittwochabend-Spiel vor 120 Zuschauern erwischten die G\u00e4ste aus Bachum gleich einen Blitzstart. Nach 120 Sekunden schaltete der SV Bachum\/Bergheim nach dem Ballverlust des TuS 02 schnell auf den Kontermodus. Dabei nutzen die G\u00e4ste-St\u00fcrmer ein Stellungsfehler in der TuS-Abwehr eiskalt aus. Nach einem feinen Pass tauchte Ex-Tusler Phil R\u00f6ttger pl\u00f6tzlich allein vor TuS-Nachwuchskeeper Marvin Tuschmann auf und schob zum 1:0 der G\u00e4ste ein (2.). Anschlie\u00dfend \u00fcbernahmen dann die Hausherren trotz des R\u00fcckstandes die Spielkontrolle und boten gute 30 Minuten ein Spiel auf ein Tor. In der Dauerdruckphase war es dann am Ende TuS-Mittelfeldspieler Fabian Fischer der zum 1:1-Ausgleich traf (15.). Zuvor hatte der TuS Bruchhausen schon einige Abschl\u00fcsse knapp neben den Kasten des SV Bachum\/Bergheim gesetzt.<\/p>\n<figure id=\"attachment_8598\" aria-describedby=\"caption-attachment-8598\" style=\"width: 200px\" class=\"wp-caption alignleft\"><a href=\"http:\/\/tus-bruchhausen.de\/Fussball\/wp-content\/uploads\/2015\/08\/IMG_6717.jpg\" rel=\"lightbox[8569]\"><img loading=\"lazy\" decoding=\"async\" class=\"wp-image-8598 size-medium\" src=\"http:\/\/tus-bruchhausen.de\/Fussball\/wp-content\/uploads\/2015\/08\/IMG_6717-200x133.jpg\" alt=\"IMG_6717\" width=\"200\" height=\"133\" srcset=\"https:\/\/www.tus-bruchhausen.de\/Fussball\/wp-content\/uploads\/2015\/08\/IMG_6717-200x133.jpg 200w, https:\/\/www.tus-bruchhausen.de\/Fussball\/wp-content\/uploads\/2015\/08\/IMG_6717-565x376.jpg 565w, https:\/\/www.tus-bruchhausen.de\/Fussball\/wp-content\/uploads\/2015\/08\/IMG_6717-95x64.jpg 95w, https:\/\/www.tus-bruchhausen.de\/Fussball\/wp-content\/uploads\/2015\/08\/IMG_6717-900x599.jpg 900w, https:\/\/www.tus-bruchhausen.de\/Fussball\/wp-content\/uploads\/2015\/08\/IMG_6717.jpg 1440w\" sizes=\"auto, (max-width: 200px) 100vw, 200px\" \/><\/a><figcaption id=\"caption-attachment-8598\" class=\"wp-caption-text\">Ex-TuS-Spieler Phil R\u00f6ttger im Duell mit Dennis Hakenesch<\/figcaption><\/figure>\n<p>Zehn Minuten nach dem Ausgleich schlich sich dann wieder der Fehlerteufel beim TuS 02 ein, mit dem zweiten Torschuss der Partie konnten die G\u00e4ste dann erneut in F\u00fchrung gehen. SV-Spieler Ben Braukmann versenkte das Leder zum 2:1 (35.). Anschlie\u00dfend musste das Team von Trainer Freddy Quebbemann mit einem R\u00fcckstand in die Halbzeit.<\/p>\n<h2>Schiedrichter gibt TuS Bruchhausen statt Ausgleichstor einen Elfmeter<\/h2>\n<figure id=\"attachment_8606\" aria-describedby=\"caption-attachment-8606\" style=\"width: 200px\" class=\"wp-caption alignright\"><a href=\"http:\/\/tus-bruchhausen.de\/Fussball\/wp-content\/uploads\/2015\/08\/IMG_6872.jpg\" rel=\"lightbox[8569]\"><img loading=\"lazy\" decoding=\"async\" class=\"wp-image-8606 size-medium\" src=\"http:\/\/tus-bruchhausen.de\/Fussball\/wp-content\/uploads\/2015\/08\/IMG_6872-200x133.jpg\" alt=\"IMG_6872\" width=\"200\" height=\"133\" srcset=\"https:\/\/www.tus-bruchhausen.de\/Fussball\/wp-content\/uploads\/2015\/08\/IMG_6872-200x133.jpg 200w, https:\/\/www.tus-bruchhausen.de\/Fussball\/wp-content\/uploads\/2015\/08\/IMG_6872-564x376.jpg 564w, https:\/\/www.tus-bruchhausen.de\/Fussball\/wp-content\/uploads\/2015\/08\/IMG_6872-95x64.jpg 95w, https:\/\/www.tus-bruchhausen.de\/Fussball\/wp-content\/uploads\/2015\/08\/IMG_6872-900x600.jpg 900w, https:\/\/www.tus-bruchhausen.de\/Fussball\/wp-content\/uploads\/2015\/08\/IMG_6872.jpg 1440w\" sizes=\"auto, (max-width: 200px) 100vw, 200px\" \/><\/a><figcaption id=\"caption-attachment-8606\" class=\"wp-caption-text\">Der Ball landet nach dem Handspiel im Tor der G\u00e4ste.<\/figcaption><\/figure>\n<p>Nach dem Seitwechsel versuchte der TuS 02 wieder den Druck der ersten Halbzeit aufzubauen, schaffte, dies erst jedoch nach einer viertel Stunde im zweiten Durchgang. Was dann folgte war Einbahnstra\u00dfen-Fu\u00dfball. In der 68. Minute folgte dann die wohl spielentscheidende Scene. Nach einen ausgef\u00fchrten Freisto\u00df am Strafraum der G\u00e4ste, ber\u00fchrte ein Spieler aus SV-Mauer den Ball mit dem ausgestreckten Arm. Trotz des Handspiels landete der Ball f\u00fcr den G\u00e4ste-Keeper unhaltbar direkt im Tor. Doch der Unparteiische hatte den Vorteil nicht abgewartet und viel zu fr\u00fch zum Strafsto\u00df gepfiffen. Statt des Tores zum Ausgleich, entschied der Schiedsrichter auf Strafsto\u00df f\u00fcr die TuS-Elf und verwarnte den Handballer mit der gelben Karte. Bitter, denn anschlie\u00dfend kam wie es kommen musste, denn beim f\u00e4lligen Elfmeter scheiterte Stephen Hoffmann am SV-Keeper. Fortan wurde der Torh\u00fcter der G\u00e4ste immer mehr zum Matchwinner. Bis Spielschluss hielt er zahlreiche Torsch\u00fcsse und rettete den G\u00e4sten am Ende so den Sieg.<\/p>\n<figure id=\"attachment_8608\" aria-describedby=\"caption-attachment-8608\" style=\"width: 200px\" class=\"wp-caption alignleft\"><a href=\"http:\/\/tus-bruchhausen.de\/Fussball\/wp-content\/uploads\/2015\/08\/IMG_6884.jpg\" rel=\"lightbox[8569]\"><img loading=\"lazy\" decoding=\"async\" class=\"wp-image-8608 size-medium\" src=\"http:\/\/tus-bruchhausen.de\/Fussball\/wp-content\/uploads\/2015\/08\/IMG_6884-200x133.jpg\" alt=\"IMG_6884\" width=\"200\" height=\"133\" srcset=\"https:\/\/www.tus-bruchhausen.de\/Fussball\/wp-content\/uploads\/2015\/08\/IMG_6884-200x133.jpg 200w, https:\/\/www.tus-bruchhausen.de\/Fussball\/wp-content\/uploads\/2015\/08\/IMG_6884-563x376.jpg 563w, https:\/\/www.tus-bruchhausen.de\/Fussball\/wp-content\/uploads\/2015\/08\/IMG_6884-95x64.jpg 95w, https:\/\/www.tus-bruchhausen.de\/Fussball\/wp-content\/uploads\/2015\/08\/IMG_6884-900x601.jpg 900w, https:\/\/www.tus-bruchhausen.de\/Fussball\/wp-content\/uploads\/2015\/08\/IMG_6884.jpg 1440w\" sizes=\"auto, (max-width: 200px) 100vw, 200px\" \/><\/a><figcaption id=\"caption-attachment-8608\" class=\"wp-caption-text\">Etwas zu Schnell: statt Vorteil und Tor, gabs Elfmeter f\u00fcr den TuS 02.<\/figcaption><\/figure>\n<p>Eine viertel Stunde vor Spielschluss folgte die erste M\u00f6glichkeit der G\u00e4ste im zweiten Durchgang und die zweite spielentscheidende Scene. Nach einem katastrophalen Absprachefehler zwischen TuS-Abwehrspieler und Keeper legte der Verteidiger dem SV-St\u00fcrmer den Ball perfekt in den Lauf. SV-Angreifer Dominik J\u00e4ckel hatte keine Probleme den Ball ins leere Tor zum 3:1 einzuschieben (75.). Es war die Vorentscheidung in der Pokalpartie. In der Schlussviertel Stunde wechselte TuS-Trainer Freddy Quebbemann noch gleich dreimal offensiv. Doch der Sturmlauf der Gastgeber wurde zu sp\u00e4t belohnt. In der letzten Minute der regul\u00e4ren Spielzeit traf der eingewechselte TuS-St\u00fcrmer Marcel Linke zum 2:3-Anschlusstreffer. Doch trotz klarer Torchancen in den vier Minuten Nachspielzeit reichte die TuS-Elf die Verl\u00e4ngerung nicht mehr.<\/p>\n<p>Am Ende musste sich der TuS Bruchhausen mit viel Pech mit 2:3 geschlagen geben. Vielleicht der gerechte Ausgleich f\u00fcr vergangen Sonntag, als man etwas gl\u00fccklich drei viel wichtigere Punkte aus Hellefeld entf\u00fchrt hatte. Bereits am kommenden Freitag geht es f\u00fcr die TuS-Elf weiter, dann folgt das Meisterschaftsspiel gegen den TuS Vosswinkel.<\/p>\n<p><strong>Aufstellung:<\/strong> Tuschmann &#8211; Knaup, Walter, Hakenensch (Schwoch), Feldmann (Linke) &#8211; Schacht, Fischer &#8211; Winkelmann (Mikolajczak), P\u00e9rez Gomes, Hoffmann &#8211; Renk<\/p>\n<p><strong>Tore:<\/strong> 0:1 (2.) R\u00f6ttger, 1:1 (15.) Fischer, 1:2 (35.) Braukman, 1:3 (75.) J\u00e4kel, 2:3 (90.) Linke<\/p>\n","protected":false},"excerpt":{"rendered":"<p>Im Krombacher Kreispokal ist f\u00fcr den TuS Bruchhausen schon in der Vorrunde Schluss. Im Heimspiel gegen den Ligakonkurrenten SV Bachum\/Bergheim unterlag das Team von Trainer Freddy Quebbemann mit 2:3 (1:2). Trotz deutlichem Chancen\u00fcbergewicht reichte es am Ende nicht f\u00fcr den Einzug in die n\u00e4chste Runde. Es war das dritte Pokal-Aus in der 1. Runde in [&hellip;]<\/p>\n","protected":false},"author":6,"featured_media":8572,"comment_status":"closed","ping_status":"closed","sticky":false,"template":"","format":"standard","meta":{"footnotes":""},"categories":[3,8],"tags":[],"class_list":["post-8569","post","type-post","status-publish","format-standard","has-post-thumbnail","hentry","category-1-mannschaft","category-news","small-justify-block","has-thumb"],"yoast_head":"<!-- This site is optimized with the Yoast SEO plugin v27.2 - https:\/\/yoast.com\/product\/yoast-seo-wordpress\/ -->\n<title>Pokalfluch: Zum dritten Mal in Folge Erstrunden-Aus<\/title>\n<meta name=\"robots\" content=\"index, follow, max-snippet:-1, max-image-preview:large, max-video-preview:-1\" \/>\n<link rel=\"canonical\" href=\"http:\/\/www.tus-bruchhausen.de\/Fussball\/pokalfluch-zum-dritten-mal-in-folge-erstrunden-aus\/\" \/>\n<meta property=\"og:locale\" content=\"de_DE\" \/>\n<meta property=\"og:type\" content=\"article\" \/>\n<meta property=\"og:title\" content=\"Pokalfluch: Zum dritten Mal in Folge Erstrunden-Aus\" \/>\n<meta property=\"og:description\" content=\"Im Krombacher Kreispokal ist f\u00fcr den TuS Bruchhausen schon in der Vorrunde Schluss. Im Heimspiel gegen den Ligakonkurrenten SV Bachum\/Bergheim unterlag das Team von Trainer Freddy Quebbemann mit 2:3 (1:2). Trotz deutlichem Chancen\u00fcbergewicht reichte es am Ende nicht f\u00fcr den Einzug in die n\u00e4chste Runde. Es war das dritte Pokal-Aus in der 1. Runde in [&hellip;]\" \/>\n<meta property=\"og:url\" content=\"http:\/\/www.tus-bruchhausen.de\/Fussball\/pokalfluch-zum-dritten-mal-in-folge-erstrunden-aus\/\" \/>\n<meta property=\"og:site_name\" content=\"TuS Bruchhausen\" \/>\n<meta property=\"article:publisher\" content=\"https:\/\/www.facebook.com\/TuS02\/\" \/>\n<meta property=\"article:published_time\" content=\"2015-08-19T21:22:43+00:00\" \/>\n<meta property=\"article:modified_time\" content=\"2015-08-20T12:29:20+00:00\" \/>\n<meta property=\"og:image\" content=\"http:\/\/www.tus-bruchhausen.de\/Fussball\/wp-content\/uploads\/2015\/08\/IMG_6894-e1440019488508.jpg\" \/>\n\t<meta property=\"og:image:width\" content=\"1439\" \/>\n\t<meta property=\"og:image:height\" content=\"899\" \/>\n\t<meta property=\"og:image:type\" content=\"image\/jpeg\" \/>\n<meta name=\"author\" content=\"Dominic Gabriel\" \/>\n<meta name=\"twitter:card\" content=\"summary_large_image\" \/>\n<meta name=\"twitter:label1\" content=\"Verfasst von\" \/>\n\t<meta name=\"twitter:data1\" content=\"Dominic Gabriel\" \/>\n\t<meta name=\"twitter:label2\" content=\"Gesch\u00e4tzte Lesezeit\" \/>\n\t<meta name=\"twitter:data2\" content=\"3\u00a0Minuten\" \/>\n<script type=\"application\/ld+json\" class=\"yoast-schema-graph\">{\"@context\":\"https:\/\/schema.org\",\"@graph\":[{\"@type\":\"Article\",\"@id\":\"http:\/\/www.tus-bruchhausen.de\/Fussball\/pokalfluch-zum-dritten-mal-in-folge-erstrunden-aus\/#article\",\"isPartOf\":{\"@id\":\"http:\/\/www.tus-bruchhausen.de\/Fussball\/pokalfluch-zum-dritten-mal-in-folge-erstrunden-aus\/\"},\"author\":{\"name\":\"Dominic Gabriel\",\"@id\":\"http:\/\/www.tus-bruchhausen.de\/Fussball\/#\/schema\/person\/53a173c5abf387371fd35fcb395bc0af\"},\"headline\":\"Pokalfluch: Zum dritten Mal in Folge Erstrunden-Aus\",\"datePublished\":\"2015-08-19T21:22:43+00:00\",\"dateModified\":\"2015-08-20T12:29:20+00:00\",\"mainEntityOfPage\":{\"@id\":\"http:\/\/www.tus-bruchhausen.de\/Fussball\/pokalfluch-zum-dritten-mal-in-folge-erstrunden-aus\/\"},\"wordCount\":695,\"image\":{\"@id\":\"http:\/\/www.tus-bruchhausen.de\/Fussball\/pokalfluch-zum-dritten-mal-in-folge-erstrunden-aus\/#primaryimage\"},\"thumbnailUrl\":\"https:\/\/www.tus-bruchhausen.de\/Fussball\/wp-content\/uploads\/2015\/08\/IMG_6894-e1440019488508.jpg\",\"articleSection\":[\"1. Mannschaft\",\"News\"],\"inLanguage\":\"de\"},{\"@type\":\"WebPage\",\"@id\":\"http:\/\/www.tus-bruchhausen.de\/Fussball\/pokalfluch-zum-dritten-mal-in-folge-erstrunden-aus\/\",\"url\":\"http:\/\/www.tus-bruchhausen.de\/Fussball\/pokalfluch-zum-dritten-mal-in-folge-erstrunden-aus\/\",\"name\":\"Pokalfluch: Zum dritten Mal in Folge Erstrunden-Aus\",\"isPartOf\":{\"@id\":\"http:\/\/www.tus-bruchhausen.de\/Fussball\/#website\"},\"primaryImageOfPage\":{\"@id\":\"http:\/\/www.tus-bruchhausen.de\/Fussball\/pokalfluch-zum-dritten-mal-in-folge-erstrunden-aus\/#primaryimage\"},\"image\":{\"@id\":\"http:\/\/www.tus-bruchhausen.de\/Fussball\/pokalfluch-zum-dritten-mal-in-folge-erstrunden-aus\/#primaryimage\"},\"thumbnailUrl\":\"https:\/\/www.tus-bruchhausen.de\/Fussball\/wp-content\/uploads\/2015\/08\/IMG_6894-e1440019488508.jpg\",\"datePublished\":\"2015-08-19T21:22:43+00:00\",\"dateModified\":\"2015-08-20T12:29:20+00:00\",\"author\":{\"@id\":\"http:\/\/www.tus-bruchhausen.de\/Fussball\/#\/schema\/person\/53a173c5abf387371fd35fcb395bc0af\"},\"breadcrumb\":{\"@id\":\"http:\/\/www.tus-bruchhausen.de\/Fussball\/pokalfluch-zum-dritten-mal-in-folge-erstrunden-aus\/#breadcrumb\"},\"inLanguage\":\"de\",\"potentialAction\":[{\"@type\":\"ReadAction\",\"target\":[\"http:\/\/www.tus-bruchhausen.de\/Fussball\/pokalfluch-zum-dritten-mal-in-folge-erstrunden-aus\/\"]}]},{\"@type\":\"ImageObject\",\"inLanguage\":\"de\",\"@id\":\"http:\/\/www.tus-bruchhausen.de\/Fussball\/pokalfluch-zum-dritten-mal-in-folge-erstrunden-aus\/#primaryimage\",\"url\":\"https:\/\/www.tus-bruchhausen.de\/Fussball\/wp-content\/uploads\/2015\/08\/IMG_6894-e1440019488508.jpg\",\"contentUrl\":\"https:\/\/www.tus-bruchhausen.de\/Fussball\/wp-content\/uploads\/2015\/08\/IMG_6894-e1440019488508.jpg\",\"width\":1439,\"height\":899},{\"@type\":\"BreadcrumbList\",\"@id\":\"http:\/\/www.tus-bruchhausen.de\/Fussball\/pokalfluch-zum-dritten-mal-in-folge-erstrunden-aus\/#breadcrumb\",\"itemListElement\":[{\"@type\":\"ListItem\",\"position\":1,\"name\":\"Startseite\",\"item\":\"https:\/\/www.tus-bruchhausen.de\/Fussball\/\"},{\"@type\":\"ListItem\",\"position\":2,\"name\":\"Pokalfluch: Zum dritten Mal in Folge Erstrunden-Aus\"}]},{\"@type\":\"WebSite\",\"@id\":\"http:\/\/www.tus-bruchhausen.de\/Fussball\/#website\",\"url\":\"http:\/\/www.tus-bruchhausen.de\/Fussball\/\",\"name\":\"TuS Bruchhausen\",\"description\":\"Fu\u00dfball\",\"potentialAction\":[{\"@type\":\"SearchAction\",\"target\":{\"@type\":\"EntryPoint\",\"urlTemplate\":\"http:\/\/www.tus-bruchhausen.de\/Fussball\/?s={search_term_string}\"},\"query-input\":{\"@type\":\"PropertyValueSpecification\",\"valueRequired\":true,\"valueName\":\"search_term_string\"}}],\"inLanguage\":\"de\"},{\"@type\":\"Person\",\"@id\":\"http:\/\/www.tus-bruchhausen.de\/Fussball\/#\/schema\/person\/53a173c5abf387371fd35fcb395bc0af\",\"name\":\"Dominic Gabriel\",\"image\":{\"@type\":\"ImageObject\",\"inLanguage\":\"de\",\"@id\":\"https:\/\/secure.gravatar.com\/avatar\/750762ec91b9970d725a622f9a107d8412b787d34f1fd38dd08605665102440c?s=96&d=mm&r=g\",\"url\":\"https:\/\/secure.gravatar.com\/avatar\/750762ec91b9970d725a622f9a107d8412b787d34f1fd38dd08605665102440c?s=96&d=mm&r=g\",\"contentUrl\":\"https:\/\/secure.gravatar.com\/avatar\/750762ec91b9970d725a622f9a107d8412b787d34f1fd38dd08605665102440c?s=96&d=mm&r=g\",\"caption\":\"Dominic Gabriel\"}}]}<\/script>\n<!-- \/ Yoast SEO plugin. -->","yoast_head_json":{"title":"Pokalfluch: Zum dritten Mal in Folge Erstrunden-Aus","robots":{"index":"index","follow":"follow","max-snippet":"max-snippet:-1","max-image-preview":"max-image-preview:large","max-video-preview":"max-video-preview:-1"},"canonical":"http:\/\/www.tus-bruchhausen.de\/Fussball\/pokalfluch-zum-dritten-mal-in-folge-erstrunden-aus\/","og_locale":"de_DE","og_type":"article","og_title":"Pokalfluch: Zum dritten Mal in Folge Erstrunden-Aus","og_description":"Im Krombacher Kreispokal ist f\u00fcr den TuS Bruchhausen schon in der Vorrunde Schluss. Im Heimspiel gegen den Ligakonkurrenten SV Bachum\/Bergheim unterlag das Team von Trainer Freddy Quebbemann mit 2:3 (1:2). Trotz deutlichem Chancen\u00fcbergewicht reichte es am Ende nicht f\u00fcr den Einzug in die n\u00e4chste Runde. Es war das dritte Pokal-Aus in der 1. Runde in [&hellip;]","og_url":"http:\/\/www.tus-bruchhausen.de\/Fussball\/pokalfluch-zum-dritten-mal-in-folge-erstrunden-aus\/","og_site_name":"TuS Bruchhausen","article_publisher":"https:\/\/www.facebook.com\/TuS02\/","article_published_time":"2015-08-19T21:22:43+00:00","article_modified_time":"2015-08-20T12:29:20+00:00","og_image":[{"width":1439,"height":899,"url":"http:\/\/www.tus-bruchhausen.de\/Fussball\/wp-content\/uploads\/2015\/08\/IMG_6894-e1440019488508.jpg","type":"image\/jpeg"}],"author":"Dominic Gabriel","twitter_card":"summary_large_image","twitter_misc":{"Verfasst von":"Dominic Gabriel","Gesch\u00e4tzte Lesezeit":"3\u00a0Minuten"},"schema":{"@context":"https:\/\/schema.org","@graph":[{"@type":"Article","@id":"http:\/\/www.tus-bruchhausen.de\/Fussball\/pokalfluch-zum-dritten-mal-in-folge-erstrunden-aus\/#article","isPartOf":{"@id":"http:\/\/www.tus-bruchhausen.de\/Fussball\/pokalfluch-zum-dritten-mal-in-folge-erstrunden-aus\/"},"author":{"name":"Dominic Gabriel","@id":"http:\/\/www.tus-bruchhausen.de\/Fussball\/#\/schema\/person\/53a173c5abf387371fd35fcb395bc0af"},"headline":"Pokalfluch: Zum dritten Mal in Folge Erstrunden-Aus","datePublished":"2015-08-19T21:22:43+00:00","dateModified":"2015-08-20T12:29:20+00:00","mainEntityOfPage":{"@id":"http:\/\/www.tus-bruchhausen.de\/Fussball\/pokalfluch-zum-dritten-mal-in-folge-erstrunden-aus\/"},"wordCount":695,"image":{"@id":"http:\/\/www.tus-bruchhausen.de\/Fussball\/pokalfluch-zum-dritten-mal-in-folge-erstrunden-aus\/#primaryimage"},"thumbnailUrl":"https:\/\/www.tus-bruchhausen.de\/Fussball\/wp-content\/uploads\/2015\/08\/IMG_6894-e1440019488508.jpg","articleSection":["1. Mannschaft","News"],"inLanguage":"de"},{"@type":"WebPage","@id":"http:\/\/www.tus-bruchhausen.de\/Fussball\/pokalfluch-zum-dritten-mal-in-folge-erstrunden-aus\/","url":"http:\/\/www.tus-bruchhausen.de\/Fussball\/pokalfluch-zum-dritten-mal-in-folge-erstrunden-aus\/","name":"Pokalfluch: Zum dritten Mal in Folge Erstrunden-Aus","isPartOf":{"@id":"http:\/\/www.tus-bruchhausen.de\/Fussball\/#website"},"primaryImageOfPage":{"@id":"http:\/\/www.tus-bruchhausen.de\/Fussball\/pokalfluch-zum-dritten-mal-in-folge-erstrunden-aus\/#primaryimage"},"image":{"@id":"http:\/\/www.tus-bruchhausen.de\/Fussball\/pokalfluch-zum-dritten-mal-in-folge-erstrunden-aus\/#primaryimage"},"thumbnailUrl":"https:\/\/www.tus-bruchhausen.de\/Fussball\/wp-content\/uploads\/2015\/08\/IMG_6894-e1440019488508.jpg","datePublished":"2015-08-19T21:22:43+00:00","dateModified":"2015-08-20T12:29:20+00:00","author":{"@id":"http:\/\/www.tus-bruchhausen.de\/Fussball\/#\/schema\/person\/53a173c5abf387371fd35fcb395bc0af"},"breadcrumb":{"@id":"http:\/\/www.tus-bruchhausen.de\/Fussball\/pokalfluch-zum-dritten-mal-in-folge-erstrunden-aus\/#breadcrumb"},"inLanguage":"de","potentialAction":[{"@type":"ReadAction","target":["http:\/\/www.tus-bruchhausen.de\/Fussball\/pokalfluch-zum-dritten-mal-in-folge-erstrunden-aus\/"]}]},{"@type":"ImageObject","inLanguage":"de","@id":"http:\/\/www.tus-bruchhausen.de\/Fussball\/pokalfluch-zum-dritten-mal-in-folge-erstrunden-aus\/#primaryimage","url":"https:\/\/www.tus-bruchhausen.de\/Fussball\/wp-content\/uploads\/2015\/08\/IMG_6894-e1440019488508.jpg","contentUrl":"https:\/\/www.tus-bruchhausen.de\/Fussball\/wp-content\/uploads\/2015\/08\/IMG_6894-e1440019488508.jpg","width":1439,"height":899},{"@type":"BreadcrumbList","@id":"http:\/\/www.tus-bruchhausen.de\/Fussball\/pokalfluch-zum-dritten-mal-in-folge-erstrunden-aus\/#breadcrumb","itemListElement":[{"@type":"ListItem","position":1,"name":"Startseite","item":"https:\/\/www.tus-bruchhausen.de\/Fussball\/"},{"@type":"ListItem","position":2,"name":"Pokalfluch: Zum dritten Mal in Folge Erstrunden-Aus"}]},{"@type":"WebSite","@id":"http:\/\/www.tus-bruchhausen.de\/Fussball\/#website","url":"http:\/\/www.tus-bruchhausen.de\/Fussball\/","name":"TuS Bruchhausen","description":"Fu\u00dfball","potentialAction":[{"@type":"SearchAction","target":{"@type":"EntryPoint","urlTemplate":"http:\/\/www.tus-bruchhausen.de\/Fussball\/?s={search_term_string}"},"query-input":{"@type":"PropertyValueSpecification","valueRequired":true,"valueName":"search_term_string"}}],"inLanguage":"de"},{"@type":"Person","@id":"http:\/\/www.tus-bruchhausen.de\/Fussball\/#\/schema\/person\/53a173c5abf387371fd35fcb395bc0af","name":"Dominic Gabriel","image":{"@type":"ImageObject","inLanguage":"de","@id":"https:\/\/secure.gravatar.com\/avatar\/750762ec91b9970d725a622f9a107d8412b787d34f1fd38dd08605665102440c?s=96&d=mm&r=g","url":"https:\/\/secure.gravatar.com\/avatar\/750762ec91b9970d725a622f9a107d8412b787d34f1fd38dd08605665102440c?s=96&d=mm&r=g","contentUrl":"https:\/\/secure.gravatar.com\/avatar\/750762ec91b9970d725a622f9a107d8412b787d34f1fd38dd08605665102440c?s=96&d=mm&r=g","caption":"Dominic Gabriel"}}]}},"_links":{"self":[{"href":"https:\/\/www.tus-bruchhausen.de\/Fussball\/wp-json\/wp\/v2\/posts\/8569","targetHints":{"allow":["GET"]}}],"collection":[{"href":"https:\/\/www.tus-bruchhausen.de\/Fussball\/wp-json\/wp\/v2\/posts"}],"about":[{"href":"https:\/\/www.tus-bruchhausen.de\/Fussball\/wp-json\/wp\/v2\/types\/post"}],"author":[{"embeddable":true,"href":"https:\/\/www.tus-bruchhausen.de\/Fussball\/wp-json\/wp\/v2\/users\/6"}],"replies":[{"embeddable":true,"href":"https:\/\/www.tus-bruchhausen.de\/Fussball\/wp-json\/wp\/v2\/comments?post=8569"}],"version-history":[{"count":9,"href":"https:\/\/www.tus-bruchhausen.de\/Fussball\/wp-json\/wp\/v2\/posts\/8569\/revisions"}],"predecessor-version":[{"id":8638,"href":"https:\/\/www.tus-bruchhausen.de\/Fussball\/wp-json\/wp\/v2\/posts\/8569\/revisions\/8638"}],"wp:featuredmedia":[{"embeddable":true,"href":"https:\/\/www.tus-bruchhausen.de\/Fussball\/wp-json\/wp\/v2\/media\/8572"}],"wp:attachment":[{"href":"https:\/\/www.tus-bruchhausen.de\/Fussball\/wp-json\/wp\/v2\/media?parent=8569"}],"wp:term":[{"taxonomy":"category","embeddable":true,"href":"https:\/\/www.tus-bruchhausen.de\/Fussball\/wp-json\/wp\/v2\/categories?post=8569"},{"taxonomy":"post_tag","embeddable":true,"href":"https:\/\/www.tus-bruchhausen.de\/Fussball\/wp-json\/wp\/v2\/tags?post=8569"}],"curies":[{"name":"wp","href":"https:\/\/api.w.org\/{rel}","templated":true}]}}