{"id":9941,"date":"2015-11-07T00:12:44","date_gmt":"2015-11-06T23:12:44","guid":{"rendered":"http:\/\/tus-bruchhausen.de\/Fussball\/?p=9941"},"modified":"2015-11-09T09:03:40","modified_gmt":"2015-11-09T08:03:40","slug":"bruchhausen-gewinnt-auswaertsspiel-in-affeln-20","status":"publish","type":"post","link":"https:\/\/www.tus-bruchhausen.de\/Fussball\/bruchhausen-gewinnt-auswaertsspiel-in-affeln-20\/","title":{"rendered":"Bruchhausen gewinnt Ausw\u00e4rtsspiel in Affeln 2:0"},"content":{"rendered":"<p>Die 1. Mannschaft des TuS Bruchhausen hat das vorgezogene Spiel beim SV Affeln mit 2:0 (1:0) gewonnen. Damit sammelte die Hiag-Elf bereits f\u00fcnf Punkte mehr als zum gleichen Zeitpunkt in der letzten Saison.<\/p>\n<h2>Ingo Renk meldet sich mit Doppelpack zur\u00fcck<\/h2>\n<figure id=\"attachment_9949\" aria-describedby=\"caption-attachment-9949\" style=\"width: 200px\" class=\"wp-caption alignright\"><a href=\"http:\/\/tus-bruchhausen.de\/Fussball\/wp-content\/uploads\/2015\/11\/IMG_2031.jpg\" rel=\"lightbox[9941]\"><img loading=\"lazy\" decoding=\"async\" class=\"wp-image-9949 size-medium\" src=\"http:\/\/tus-bruchhausen.de\/Fussball\/wp-content\/uploads\/2015\/11\/IMG_2031-200x133.jpg\" alt=\"IMG_2031\" width=\"200\" height=\"133\" srcset=\"https:\/\/www.tus-bruchhausen.de\/Fussball\/wp-content\/uploads\/2015\/11\/IMG_2031-200x133.jpg 200w, https:\/\/www.tus-bruchhausen.de\/Fussball\/wp-content\/uploads\/2015\/11\/IMG_2031-565x376.jpg 565w, https:\/\/www.tus-bruchhausen.de\/Fussball\/wp-content\/uploads\/2015\/11\/IMG_2031-95x64.jpg 95w, https:\/\/www.tus-bruchhausen.de\/Fussball\/wp-content\/uploads\/2015\/11\/IMG_2031-900x599.jpg 900w, https:\/\/www.tus-bruchhausen.de\/Fussball\/wp-content\/uploads\/2015\/11\/IMG_2031.jpg 1440w\" sizes=\"auto, (max-width: 200px) 100vw, 200px\" \/><\/a><figcaption id=\"caption-attachment-9949\" class=\"wp-caption-text\">Ingo Renk trifft zum 1:0 in Affeln<\/figcaption><\/figure>\n<p>Das Spiel am Freitagabend in Affeln begann gleich mit einer Gro\u00dfchance f\u00fcr den TuS Bruchhausen. Nach einem feinen Pass durch die Schnittstelle der Heimabwehr tauchte TuS-St\u00fcrmer Tim Ballauf vor dem Tor des SV Affeln auf, doch der anschlie\u00dfende Schuss ging knapp neben das Geh\u00e4use. Im weiteren Verlauf blieb dem TuS Bruchhausen mehr Ballbesitz als den Gastgebern, zwingende Torchancen fehlten jedoch noch. In der 20. Spielminute machte es dann der TuS 02 besser. TuS-Spieler Fabian Fischer tankte sich auf der rechten Seite durch und spielte einen hohen Ball zielgenau auf den Kopf von Ingo Renk. Der TuS-St\u00fcrmer platzierte das Leder aus kurzer Distanz vorbei am SV-Keeper zum 1:0 ins Tor (20.).<\/p>\n<h2>Torh\u00fcter Willi L\u00fcneburg zum dritten Mal in Folge ohne Gegentor<\/h2>\n<p><a href=\"http:\/\/tus-bruchhausen.de\/Fussball\/wp-content\/uploads\/2015\/11\/IMG_2380.jpg\" rel=\"lightbox[9941]\"><img loading=\"lazy\" decoding=\"async\" class=\"size-medium wp-image-9950 alignleft\" src=\"http:\/\/tus-bruchhausen.de\/Fussball\/wp-content\/uploads\/2015\/11\/IMG_2380-200x133.jpg\" alt=\"IMG_2380\" width=\"200\" height=\"133\" srcset=\"https:\/\/www.tus-bruchhausen.de\/Fussball\/wp-content\/uploads\/2015\/11\/IMG_2380-200x133.jpg 200w, https:\/\/www.tus-bruchhausen.de\/Fussball\/wp-content\/uploads\/2015\/11\/IMG_2380-563x376.jpg 563w, https:\/\/www.tus-bruchhausen.de\/Fussball\/wp-content\/uploads\/2015\/11\/IMG_2380-95x64.jpg 95w, https:\/\/www.tus-bruchhausen.de\/Fussball\/wp-content\/uploads\/2015\/11\/IMG_2380-900x601.jpg 900w, https:\/\/www.tus-bruchhausen.de\/Fussball\/wp-content\/uploads\/2015\/11\/IMG_2380.jpg 1440w\" sizes=\"auto, (max-width: 200px) 100vw, 200px\" \/><\/a>Nach der erzielten F\u00fchrung wurden die Gastgeber gef\u00e4hrlicher. In h\u00f6chster Not musste TuS-Torh\u00fcter Willi L\u00fcneburg aus seinem Kasten eilen um den Ball rechts au\u00dferhalb des Strafraumes zu kl\u00e4ren. Doch der Schlussmann verpasste den Ball und erwischte nur den Gegenspieler. Gl\u00fcck f\u00fcr den TuS 02 das diese Scene sich zwei Meter au\u00dferhalb des Strafraumes abspielte. Der TuS-Keeper sah daf\u00fcr die gelbe Karte. Der anschlie\u00dfende Freisto\u00df brachte keine Gefahr. Die beste Chance im ganzen Spiel hatte der SV Affeln Sekunden vor der Pause. Nach einem Freisto\u00df aus halblinker Position standen gleich zwei SV-St\u00fcrmer pl\u00f6tzlich mutterseelenallein vor dem TuS-Tor, schafften es jedoch nur den Ball \u00fcber den Kasten zuschie\u00dfen. So blieb es zur Pause beim 1:0 f\u00fcr den TuS Bruchhausen.<\/p>\n<h2>Fabian Fischer an beiden Toren beteiligt<\/h2>\n<figure id=\"attachment_9951\" aria-describedby=\"caption-attachment-9951\" style=\"width: 200px\" class=\"wp-caption alignright\"><a href=\"http:\/\/tus-bruchhausen.de\/Fussball\/wp-content\/uploads\/2015\/11\/IMG_2015.jpg\" rel=\"lightbox[9941]\"><img loading=\"lazy\" decoding=\"async\" class=\"wp-image-9951 size-medium\" src=\"http:\/\/tus-bruchhausen.de\/Fussball\/wp-content\/uploads\/2015\/11\/IMG_2015-200x134.jpg\" alt=\"IMG_2015\" width=\"200\" height=\"134\" srcset=\"https:\/\/www.tus-bruchhausen.de\/Fussball\/wp-content\/uploads\/2015\/11\/IMG_2015-200x134.jpg 200w, https:\/\/www.tus-bruchhausen.de\/Fussball\/wp-content\/uploads\/2015\/11\/IMG_2015-563x376.jpg 563w, https:\/\/www.tus-bruchhausen.de\/Fussball\/wp-content\/uploads\/2015\/11\/IMG_2015-95x64.jpg 95w, https:\/\/www.tus-bruchhausen.de\/Fussball\/wp-content\/uploads\/2015\/11\/IMG_2015-900x601.jpg 900w, https:\/\/www.tus-bruchhausen.de\/Fussball\/wp-content\/uploads\/2015\/11\/IMG_2015.jpg 1440w\" sizes=\"auto, (max-width: 200px) 100vw, 200px\" \/><\/a><figcaption id=\"caption-attachment-9951\" class=\"wp-caption-text\">Fabian Fischer bereitete beide TuS-Treffer vor.<\/figcaption><\/figure>\n<p>Nach dem Seitenwechsel blieb der Gast aus Bruchhausen das bessere Team. Eine Torchcance wie am Ende des ersten Durchgangs sollte sich der SV Affeln zudem auch nicht mehr erspielen. Stattdessen wurden die Angriffe des TuS Bruchhausen immer besser. In der 71. Minuten belohnte sich die Mannschaft von Trainer Freddy Quebbemann dann mit dem 2:0. Nach wundersch\u00f6ner Vorarbeit von Fabian Fischer und Marcel Linke tauchte erneut Ingo Renk vor dem Tor des SV Affeln gef\u00e4hrlich auf. Per Gewaltschuss bef\u00f6rderte Ingo Renk das Leder erneut ins Tor des SV Affeln (71.). Ein sch\u00f6ner Spielzug. Bis zum Spielende hatte der TuS Bruchhausen noch die M\u00f6glichkeit das Endergebnis in die H\u00f6he zu schrauben. Die beste Chance hatte Torj\u00e4ger Marcel Linke, doch er scheiterte knapp am guten Keeper des SV Affeln. Am Ende blieb es beim 2:0 f\u00fcr die G\u00e4ste.<\/p>\n<p>Damit fuhr die Mannschaft des TuS Bruchhausen den neunten Saisonsieg ein. Am kommenden Sonntag ist nun der SV Herdringen zu Gast im Sportpark An der Hiag.<\/p>\n<p><strong>Aufstellung:<\/strong> L\u00fcneburg &#8211; Knaup (Mikolajczak), Weber, Hakenesch, Feldmann &#8211; Fischer, P\u00e9rez Gomes &#8211; Ballauf (Winkelmann), Linke, Hoffmann (Schacht) &#8211; Renk<\/p>\n<p><strong>Tore:<\/strong> 0:1 (20.) Renk, 0:2 (71.) Renk<\/p>\n","protected":false},"excerpt":{"rendered":"<p>Die 1. Mannschaft des TuS Bruchhausen hat das vorgezogene Spiel beim SV Affeln mit 2:0 (1:0) gewonnen. Damit sammelte die Hiag-Elf bereits f\u00fcnf Punkte mehr als zum gleichen Zeitpunkt in der letzten Saison. Ingo Renk meldet sich mit Doppelpack zur\u00fcck Das Spiel am Freitagabend in Affeln begann gleich mit einer Gro\u00dfchance f\u00fcr den TuS Bruchhausen. [&hellip;]<\/p>\n","protected":false},"author":6,"featured_media":9943,"comment_status":"closed","ping_status":"closed","sticky":false,"template":"","format":"standard","meta":{"footnotes":""},"categories":[3,8],"tags":[],"class_list":["post-9941","post","type-post","status-publish","format-standard","has-post-thumbnail","hentry","category-1-mannschaft","category-news","small-justify-block","has-thumb"],"yoast_head":"<!-- This site is optimized with the Yoast SEO plugin v27.2 - https:\/\/yoast.com\/product\/yoast-seo-wordpress\/ -->\n<title>Bruchhausen gewinnt Ausw\u00e4rtsspiel in Affeln 2:0<\/title>\n<meta name=\"robots\" content=\"index, follow, max-snippet:-1, max-image-preview:large, max-video-preview:-1\" \/>\n<link rel=\"canonical\" href=\"http:\/\/www.tus-bruchhausen.de\/Fussball\/bruchhausen-gewinnt-auswaertsspiel-in-affeln-20\/\" \/>\n<meta property=\"og:locale\" content=\"de_DE\" \/>\n<meta property=\"og:type\" content=\"article\" \/>\n<meta property=\"og:title\" content=\"Bruchhausen gewinnt Ausw\u00e4rtsspiel in Affeln 2:0\" \/>\n<meta property=\"og:description\" content=\"Die 1. Mannschaft des TuS Bruchhausen hat das vorgezogene Spiel beim SV Affeln mit 2:0 (1:0) gewonnen. Damit sammelte die Hiag-Elf bereits f\u00fcnf Punkte mehr als zum gleichen Zeitpunkt in der letzten Saison. Ingo Renk meldet sich mit Doppelpack zur\u00fcck Das Spiel am Freitagabend in Affeln begann gleich mit einer Gro\u00dfchance f\u00fcr den TuS Bruchhausen. [&hellip;]\" \/>\n<meta property=\"og:url\" content=\"http:\/\/www.tus-bruchhausen.de\/Fussball\/bruchhausen-gewinnt-auswaertsspiel-in-affeln-20\/\" \/>\n<meta property=\"og:site_name\" content=\"TuS Bruchhausen\" \/>\n<meta property=\"article:publisher\" content=\"https:\/\/www.facebook.com\/TuS02\/\" \/>\n<meta property=\"article:published_time\" content=\"2015-11-06T23:12:44+00:00\" \/>\n<meta property=\"article:modified_time\" content=\"2015-11-09T08:03:40+00:00\" \/>\n<meta property=\"og:image\" content=\"http:\/\/www.tus-bruchhausen.de\/Fussball\/wp-content\/uploads\/2015\/11\/IMG_2327.jpg\" \/>\n\t<meta property=\"og:image:width\" content=\"1440\" \/>\n\t<meta property=\"og:image:height\" content=\"958\" \/>\n\t<meta property=\"og:image:type\" content=\"image\/jpeg\" \/>\n<meta name=\"author\" content=\"Dominic Gabriel\" \/>\n<meta name=\"twitter:card\" content=\"summary_large_image\" \/>\n<meta name=\"twitter:label1\" content=\"Verfasst von\" \/>\n\t<meta name=\"twitter:data1\" content=\"Dominic Gabriel\" \/>\n\t<meta name=\"twitter:label2\" content=\"Gesch\u00e4tzte Lesezeit\" \/>\n\t<meta name=\"twitter:data2\" content=\"3\u00a0Minuten\" \/>\n<script type=\"application\/ld+json\" class=\"yoast-schema-graph\">{\"@context\":\"https:\/\/schema.org\",\"@graph\":[{\"@type\":\"Article\",\"@id\":\"http:\/\/www.tus-bruchhausen.de\/Fussball\/bruchhausen-gewinnt-auswaertsspiel-in-affeln-20\/#article\",\"isPartOf\":{\"@id\":\"http:\/\/www.tus-bruchhausen.de\/Fussball\/bruchhausen-gewinnt-auswaertsspiel-in-affeln-20\/\"},\"author\":{\"name\":\"Dominic Gabriel\",\"@id\":\"http:\/\/www.tus-bruchhausen.de\/Fussball\/#\/schema\/person\/53a173c5abf387371fd35fcb395bc0af\"},\"headline\":\"Bruchhausen gewinnt Ausw\u00e4rtsspiel in Affeln 2:0\",\"datePublished\":\"2015-11-06T23:12:44+00:00\",\"dateModified\":\"2015-11-09T08:03:40+00:00\",\"mainEntityOfPage\":{\"@id\":\"http:\/\/www.tus-bruchhausen.de\/Fussball\/bruchhausen-gewinnt-auswaertsspiel-in-affeln-20\/\"},\"wordCount\":523,\"image\":{\"@id\":\"http:\/\/www.tus-bruchhausen.de\/Fussball\/bruchhausen-gewinnt-auswaertsspiel-in-affeln-20\/#primaryimage\"},\"thumbnailUrl\":\"https:\/\/www.tus-bruchhausen.de\/Fussball\/wp-content\/uploads\/2015\/11\/IMG_2327.jpg\",\"articleSection\":[\"1. Mannschaft\",\"News\"],\"inLanguage\":\"de\"},{\"@type\":\"WebPage\",\"@id\":\"http:\/\/www.tus-bruchhausen.de\/Fussball\/bruchhausen-gewinnt-auswaertsspiel-in-affeln-20\/\",\"url\":\"http:\/\/www.tus-bruchhausen.de\/Fussball\/bruchhausen-gewinnt-auswaertsspiel-in-affeln-20\/\",\"name\":\"Bruchhausen gewinnt Ausw\u00e4rtsspiel in Affeln 2:0\",\"isPartOf\":{\"@id\":\"http:\/\/www.tus-bruchhausen.de\/Fussball\/#website\"},\"primaryImageOfPage\":{\"@id\":\"http:\/\/www.tus-bruchhausen.de\/Fussball\/bruchhausen-gewinnt-auswaertsspiel-in-affeln-20\/#primaryimage\"},\"image\":{\"@id\":\"http:\/\/www.tus-bruchhausen.de\/Fussball\/bruchhausen-gewinnt-auswaertsspiel-in-affeln-20\/#primaryimage\"},\"thumbnailUrl\":\"https:\/\/www.tus-bruchhausen.de\/Fussball\/wp-content\/uploads\/2015\/11\/IMG_2327.jpg\",\"datePublished\":\"2015-11-06T23:12:44+00:00\",\"dateModified\":\"2015-11-09T08:03:40+00:00\",\"author\":{\"@id\":\"http:\/\/www.tus-bruchhausen.de\/Fussball\/#\/schema\/person\/53a173c5abf387371fd35fcb395bc0af\"},\"breadcrumb\":{\"@id\":\"http:\/\/www.tus-bruchhausen.de\/Fussball\/bruchhausen-gewinnt-auswaertsspiel-in-affeln-20\/#breadcrumb\"},\"inLanguage\":\"de\",\"potentialAction\":[{\"@type\":\"ReadAction\",\"target\":[\"http:\/\/www.tus-bruchhausen.de\/Fussball\/bruchhausen-gewinnt-auswaertsspiel-in-affeln-20\/\"]}]},{\"@type\":\"ImageObject\",\"inLanguage\":\"de\",\"@id\":\"http:\/\/www.tus-bruchhausen.de\/Fussball\/bruchhausen-gewinnt-auswaertsspiel-in-affeln-20\/#primaryimage\",\"url\":\"https:\/\/www.tus-bruchhausen.de\/Fussball\/wp-content\/uploads\/2015\/11\/IMG_2327.jpg\",\"contentUrl\":\"https:\/\/www.tus-bruchhausen.de\/Fussball\/wp-content\/uploads\/2015\/11\/IMG_2327.jpg\",\"width\":1440,\"height\":958},{\"@type\":\"BreadcrumbList\",\"@id\":\"http:\/\/www.tus-bruchhausen.de\/Fussball\/bruchhausen-gewinnt-auswaertsspiel-in-affeln-20\/#breadcrumb\",\"itemListElement\":[{\"@type\":\"ListItem\",\"position\":1,\"name\":\"Startseite\",\"item\":\"https:\/\/www.tus-bruchhausen.de\/Fussball\/\"},{\"@type\":\"ListItem\",\"position\":2,\"name\":\"Bruchhausen gewinnt Ausw\u00e4rtsspiel in Affeln 2:0\"}]},{\"@type\":\"WebSite\",\"@id\":\"http:\/\/www.tus-bruchhausen.de\/Fussball\/#website\",\"url\":\"http:\/\/www.tus-bruchhausen.de\/Fussball\/\",\"name\":\"TuS Bruchhausen\",\"description\":\"Fu\u00dfball\",\"potentialAction\":[{\"@type\":\"SearchAction\",\"target\":{\"@type\":\"EntryPoint\",\"urlTemplate\":\"http:\/\/www.tus-bruchhausen.de\/Fussball\/?s={search_term_string}\"},\"query-input\":{\"@type\":\"PropertyValueSpecification\",\"valueRequired\":true,\"valueName\":\"search_term_string\"}}],\"inLanguage\":\"de\"},{\"@type\":\"Person\",\"@id\":\"http:\/\/www.tus-bruchhausen.de\/Fussball\/#\/schema\/person\/53a173c5abf387371fd35fcb395bc0af\",\"name\":\"Dominic Gabriel\",\"image\":{\"@type\":\"ImageObject\",\"inLanguage\":\"de\",\"@id\":\"https:\/\/secure.gravatar.com\/avatar\/750762ec91b9970d725a622f9a107d8412b787d34f1fd38dd08605665102440c?s=96&d=mm&r=g\",\"url\":\"https:\/\/secure.gravatar.com\/avatar\/750762ec91b9970d725a622f9a107d8412b787d34f1fd38dd08605665102440c?s=96&d=mm&r=g\",\"contentUrl\":\"https:\/\/secure.gravatar.com\/avatar\/750762ec91b9970d725a622f9a107d8412b787d34f1fd38dd08605665102440c?s=96&d=mm&r=g\",\"caption\":\"Dominic Gabriel\"}}]}<\/script>\n<!-- \/ Yoast SEO plugin. -->","yoast_head_json":{"title":"Bruchhausen gewinnt Ausw\u00e4rtsspiel in Affeln 2:0","robots":{"index":"index","follow":"follow","max-snippet":"max-snippet:-1","max-image-preview":"max-image-preview:large","max-video-preview":"max-video-preview:-1"},"canonical":"http:\/\/www.tus-bruchhausen.de\/Fussball\/bruchhausen-gewinnt-auswaertsspiel-in-affeln-20\/","og_locale":"de_DE","og_type":"article","og_title":"Bruchhausen gewinnt Ausw\u00e4rtsspiel in Affeln 2:0","og_description":"Die 1. Mannschaft des TuS Bruchhausen hat das vorgezogene Spiel beim SV Affeln mit 2:0 (1:0) gewonnen. Damit sammelte die Hiag-Elf bereits f\u00fcnf Punkte mehr als zum gleichen Zeitpunkt in der letzten Saison. Ingo Renk meldet sich mit Doppelpack zur\u00fcck Das Spiel am Freitagabend in Affeln begann gleich mit einer Gro\u00dfchance f\u00fcr den TuS Bruchhausen. [&hellip;]","og_url":"http:\/\/www.tus-bruchhausen.de\/Fussball\/bruchhausen-gewinnt-auswaertsspiel-in-affeln-20\/","og_site_name":"TuS Bruchhausen","article_publisher":"https:\/\/www.facebook.com\/TuS02\/","article_published_time":"2015-11-06T23:12:44+00:00","article_modified_time":"2015-11-09T08:03:40+00:00","og_image":[{"width":1440,"height":958,"url":"http:\/\/www.tus-bruchhausen.de\/Fussball\/wp-content\/uploads\/2015\/11\/IMG_2327.jpg","type":"image\/jpeg"}],"author":"Dominic Gabriel","twitter_card":"summary_large_image","twitter_misc":{"Verfasst von":"Dominic Gabriel","Gesch\u00e4tzte Lesezeit":"3\u00a0Minuten"},"schema":{"@context":"https:\/\/schema.org","@graph":[{"@type":"Article","@id":"http:\/\/www.tus-bruchhausen.de\/Fussball\/bruchhausen-gewinnt-auswaertsspiel-in-affeln-20\/#article","isPartOf":{"@id":"http:\/\/www.tus-bruchhausen.de\/Fussball\/bruchhausen-gewinnt-auswaertsspiel-in-affeln-20\/"},"author":{"name":"Dominic Gabriel","@id":"http:\/\/www.tus-bruchhausen.de\/Fussball\/#\/schema\/person\/53a173c5abf387371fd35fcb395bc0af"},"headline":"Bruchhausen gewinnt Ausw\u00e4rtsspiel in Affeln 2:0","datePublished":"2015-11-06T23:12:44+00:00","dateModified":"2015-11-09T08:03:40+00:00","mainEntityOfPage":{"@id":"http:\/\/www.tus-bruchhausen.de\/Fussball\/bruchhausen-gewinnt-auswaertsspiel-in-affeln-20\/"},"wordCount":523,"image":{"@id":"http:\/\/www.tus-bruchhausen.de\/Fussball\/bruchhausen-gewinnt-auswaertsspiel-in-affeln-20\/#primaryimage"},"thumbnailUrl":"https:\/\/www.tus-bruchhausen.de\/Fussball\/wp-content\/uploads\/2015\/11\/IMG_2327.jpg","articleSection":["1. Mannschaft","News"],"inLanguage":"de"},{"@type":"WebPage","@id":"http:\/\/www.tus-bruchhausen.de\/Fussball\/bruchhausen-gewinnt-auswaertsspiel-in-affeln-20\/","url":"http:\/\/www.tus-bruchhausen.de\/Fussball\/bruchhausen-gewinnt-auswaertsspiel-in-affeln-20\/","name":"Bruchhausen gewinnt Ausw\u00e4rtsspiel in Affeln 2:0","isPartOf":{"@id":"http:\/\/www.tus-bruchhausen.de\/Fussball\/#website"},"primaryImageOfPage":{"@id":"http:\/\/www.tus-bruchhausen.de\/Fussball\/bruchhausen-gewinnt-auswaertsspiel-in-affeln-20\/#primaryimage"},"image":{"@id":"http:\/\/www.tus-bruchhausen.de\/Fussball\/bruchhausen-gewinnt-auswaertsspiel-in-affeln-20\/#primaryimage"},"thumbnailUrl":"https:\/\/www.tus-bruchhausen.de\/Fussball\/wp-content\/uploads\/2015\/11\/IMG_2327.jpg","datePublished":"2015-11-06T23:12:44+00:00","dateModified":"2015-11-09T08:03:40+00:00","author":{"@id":"http:\/\/www.tus-bruchhausen.de\/Fussball\/#\/schema\/person\/53a173c5abf387371fd35fcb395bc0af"},"breadcrumb":{"@id":"http:\/\/www.tus-bruchhausen.de\/Fussball\/bruchhausen-gewinnt-auswaertsspiel-in-affeln-20\/#breadcrumb"},"inLanguage":"de","potentialAction":[{"@type":"ReadAction","target":["http:\/\/www.tus-bruchhausen.de\/Fussball\/bruchhausen-gewinnt-auswaertsspiel-in-affeln-20\/"]}]},{"@type":"ImageObject","inLanguage":"de","@id":"http:\/\/www.tus-bruchhausen.de\/Fussball\/bruchhausen-gewinnt-auswaertsspiel-in-affeln-20\/#primaryimage","url":"https:\/\/www.tus-bruchhausen.de\/Fussball\/wp-content\/uploads\/2015\/11\/IMG_2327.jpg","contentUrl":"https:\/\/www.tus-bruchhausen.de\/Fussball\/wp-content\/uploads\/2015\/11\/IMG_2327.jpg","width":1440,"height":958},{"@type":"BreadcrumbList","@id":"http:\/\/www.tus-bruchhausen.de\/Fussball\/bruchhausen-gewinnt-auswaertsspiel-in-affeln-20\/#breadcrumb","itemListElement":[{"@type":"ListItem","position":1,"name":"Startseite","item":"https:\/\/www.tus-bruchhausen.de\/Fussball\/"},{"@type":"ListItem","position":2,"name":"Bruchhausen gewinnt Ausw\u00e4rtsspiel in Affeln 2:0"}]},{"@type":"WebSite","@id":"http:\/\/www.tus-bruchhausen.de\/Fussball\/#website","url":"http:\/\/www.tus-bruchhausen.de\/Fussball\/","name":"TuS Bruchhausen","description":"Fu\u00dfball","potentialAction":[{"@type":"SearchAction","target":{"@type":"EntryPoint","urlTemplate":"http:\/\/www.tus-bruchhausen.de\/Fussball\/?s={search_term_string}"},"query-input":{"@type":"PropertyValueSpecification","valueRequired":true,"valueName":"search_term_string"}}],"inLanguage":"de"},{"@type":"Person","@id":"http:\/\/www.tus-bruchhausen.de\/Fussball\/#\/schema\/person\/53a173c5abf387371fd35fcb395bc0af","name":"Dominic Gabriel","image":{"@type":"ImageObject","inLanguage":"de","@id":"https:\/\/secure.gravatar.com\/avatar\/750762ec91b9970d725a622f9a107d8412b787d34f1fd38dd08605665102440c?s=96&d=mm&r=g","url":"https:\/\/secure.gravatar.com\/avatar\/750762ec91b9970d725a622f9a107d8412b787d34f1fd38dd08605665102440c?s=96&d=mm&r=g","contentUrl":"https:\/\/secure.gravatar.com\/avatar\/750762ec91b9970d725a622f9a107d8412b787d34f1fd38dd08605665102440c?s=96&d=mm&r=g","caption":"Dominic Gabriel"}}]}},"_links":{"self":[{"href":"https:\/\/www.tus-bruchhausen.de\/Fussball\/wp-json\/wp\/v2\/posts\/9941","targetHints":{"allow":["GET"]}}],"collection":[{"href":"https:\/\/www.tus-bruchhausen.de\/Fussball\/wp-json\/wp\/v2\/posts"}],"about":[{"href":"https:\/\/www.tus-bruchhausen.de\/Fussball\/wp-json\/wp\/v2\/types\/post"}],"author":[{"embeddable":true,"href":"https:\/\/www.tus-bruchhausen.de\/Fussball\/wp-json\/wp\/v2\/users\/6"}],"replies":[{"embeddable":true,"href":"https:\/\/www.tus-bruchhausen.de\/Fussball\/wp-json\/wp\/v2\/comments?post=9941"}],"version-history":[{"count":4,"href":"https:\/\/www.tus-bruchhausen.de\/Fussball\/wp-json\/wp\/v2\/posts\/9941\/revisions"}],"predecessor-version":[{"id":9959,"href":"https:\/\/www.tus-bruchhausen.de\/Fussball\/wp-json\/wp\/v2\/posts\/9941\/revisions\/9959"}],"wp:featuredmedia":[{"embeddable":true,"href":"https:\/\/www.tus-bruchhausen.de\/Fussball\/wp-json\/wp\/v2\/media\/9943"}],"wp:attachment":[{"href":"https:\/\/www.tus-bruchhausen.de\/Fussball\/wp-json\/wp\/v2\/media?parent=9941"}],"wp:term":[{"taxonomy":"category","embeddable":true,"href":"https:\/\/www.tus-bruchhausen.de\/Fussball\/wp-json\/wp\/v2\/categories?post=9941"},{"taxonomy":"post_tag","embeddable":true,"href":"https:\/\/www.tus-bruchhausen.de\/Fussball\/wp-json\/wp\/v2\/tags?post=9941"}],"curies":[{"name":"wp","href":"https:\/\/api.w.org\/{rel}","templated":true}]}}