{"id":1461,"date":"2018-09-18T10:53:47","date_gmt":"2018-09-18T08:53:47","guid":{"rendered":"http:\/\/www.tus-bruchhausen.de\/Tennis\/?p=1461"},"modified":"2018-09-18T10:53:47","modified_gmt":"2018-09-18T08:53:47","slug":"tus-nachwuchs-raeumt-titel-und-platzierungen-ab","status":"publish","type":"post","link":"https:\/\/www.tus-bruchhausen.de\/Tennis\/tus-nachwuchs-raeumt-titel-und-platzierungen-ab\/","title":{"rendered":"TuS Nachwuchs r\u00e4umt Titel und Platzierungen ab"},"content":{"rendered":"<p>Um den Nachwuchs muss sich der TuS aktuell am wenigsten Sorgen machen. Ein Blick auf die interne Vereinsmeisterschaft verr\u00e4t, das dort mit 42 Kindern und Jugendlichen eine Vielzahl an Tenniscracks auf Punktejagd geht. Einige von Ihnen starteten nun auch an diesem Wochenende bei den Kreisjugendmeisterschaften und holten insgesamt 3 Titel ins Entendorf.<\/p>\n<p>&nbsp;<\/p>\n<p><strong>Sam Drescher Kreismeister U 7<\/strong><\/p>\n<p>Im Kleinfeld konnte sich am Sonntag der erst 6-j\u00e4hrige Sam Drescher den Titel des Kreismeisters sichern. Er startete eine Altersklasse h\u00f6her als normal und konnte auch hier durch seine Spielst\u00e4rke \u00fcberzeugen. Die sog. KJM fanden bei uns in Bruchhausen auf der Anlage statt und wurden von der Jugendwartin und Kreisj\u00fcngstenwartin Sabrina Jochheim durchgef\u00fchrt. Marie Drescher konnte in dieser Gemsichten Konkurrenz den vierten Platz erreichen.<\/p>\n<p>&nbsp;<\/p>\n<p><strong>Tim Wiegelmann Vize-Kreismeister U 8<\/strong><\/p>\n<p>In der n\u00e4chsth\u00f6heren Altersklasse konnte sich Tim Wiegelmann bis ins Finale vorspielen, verlor dieses jedoch knapp im entscheidenen dritten Satz und wurde somit Vize &#8211; Kreismeister.<\/p>\n<p>&nbsp;<\/p>\n<p><strong>Celine Jochheim Kreismeisterin U 9<\/strong><\/p>\n<p>Im Midcortbereich fanden die Meisterschaften beim TC Neheim-H\u00fcsten statt. Hier setzte sich im rein Bruchhauser Finale Celine Jochheim gegen ihre gleichaltrige Vereinskollegin Pia Schmidt durch. Somit ging der Titel als auch der Vizetitel zum TuS. Beide zeigten auf ihrem Weg ins Finale keine Schw\u00e4che und gewannen ihre Vorrundenspiele allesamt souver\u00e4n. Bei den Jungen U9 starteten Fabian Kemper und Jonas Bopp f\u00fcr den TuS, sie konnten in der Nebenrunde zweiten (Fabian) und dritten (Jonas) Platz erringen.<\/p>\n<p>&nbsp;<\/p>\n<p><strong>Finja Hecking Kreismeisterin U 12<\/strong><\/p>\n<p>Auch die Kreismeisterschaften im U 12 Bereich wurden in Neheim ausgetragen. Nach anf\u00e4nglich 2 relativ klar gewonnen Spielen, musste Finja im Halbfinale gegen ihre 2 Jahre j\u00fcngere Kontrahentin antreten. Hier gewann Finja das Match durch ihre mentale St\u00e4rke gegen ihre spielreisch stark aufspielende Gegnerin. Im Finale dann gewann sie in einem hochklassigen Match gegen Ihre Gegnerin aus Allendorf mit 6:4 und 6:1.<\/p>\n<p>&nbsp;<\/p>\n<p>Der TuS gratuliert all seinen Kreismeistern, Vize Kreismeistern und Platzierten aufs herzlichste und w\u00fcnscht allen weiterhin viel Erfolg.<\/p>\n","protected":false},"excerpt":{"rendered":"<p>Um den Nachwuchs muss sich der TuS aktuell am wenigsten Sorgen machen. Ein Blick auf die interne Vereinsmeisterschaft verr\u00e4t, das dort mit 42 Kindern und Jugendlichen eine Vielzahl an Tenniscracks auf Punktejagd geht. Einige von Ihnen starteten nun auch an diesem Wochenende bei den Kreisjugendmeisterschaften und holten insgesamt 3 Titel ins Entendorf. &nbsp; Sam Drescher [&hellip;]<\/p>\n","protected":false},"author":3,"featured_media":1470,"comment_status":"closed","ping_status":"closed","sticky":false,"template":"","format":"standard","meta":{"kia_subtitle":"Jugendkreismeisterschaften Sauerland","footnotes":""},"categories":[4,1],"tags":[],"class_list":["post-1461","post","type-post","status-publish","format-standard","has-post-thumbnail","hentry","category-jugend","category-allgemein"],"_links":{"self":[{"href":"https:\/\/www.tus-bruchhausen.de\/Tennis\/wp-json\/wp\/v2\/posts\/1461","targetHints":{"allow":["GET"]}}],"collection":[{"href":"https:\/\/www.tus-bruchhausen.de\/Tennis\/wp-json\/wp\/v2\/posts"}],"about":[{"href":"https:\/\/www.tus-bruchhausen.de\/Tennis\/wp-json\/wp\/v2\/types\/post"}],"author":[{"embeddable":true,"href":"https:\/\/www.tus-bruchhausen.de\/Tennis\/wp-json\/wp\/v2\/users\/3"}],"replies":[{"embeddable":true,"href":"https:\/\/www.tus-bruchhausen.de\/Tennis\/wp-json\/wp\/v2\/comments?post=1461"}],"version-history":[{"count":3,"href":"https:\/\/www.tus-bruchhausen.de\/Tennis\/wp-json\/wp\/v2\/posts\/1461\/revisions"}],"predecessor-version":[{"id":1469,"href":"https:\/\/www.tus-bruchhausen.de\/Tennis\/wp-json\/wp\/v2\/posts\/1461\/revisions\/1469"}],"wp:featuredmedia":[{"embeddable":true,"href":"https:\/\/www.tus-bruchhausen.de\/Tennis\/wp-json\/wp\/v2\/media\/1470"}],"wp:attachment":[{"href":"https:\/\/www.tus-bruchhausen.de\/Tennis\/wp-json\/wp\/v2\/media?parent=1461"}],"wp:term":[{"taxonomy":"category","embeddable":true,"href":"https:\/\/www.tus-bruchhausen.de\/Tennis\/wp-json\/wp\/v2\/categories?post=1461"},{"taxonomy":"post_tag","embeddable":true,"href":"https:\/\/www.tus-bruchhausen.de\/Tennis\/wp-json\/wp\/v2\/tags?post=1461"}],"curies":[{"name":"wp","href":"https:\/\/api.w.org\/{rel}","templated":true}]}}